{"id":142493,"date":"2024-05-23T08:55:20","date_gmt":"2024-05-23T11:55:20","guid":{"rendered":"https:\/\/senoticias.com.br\/se\/?p=142493"},"modified":"2024-05-23T08:55:27","modified_gmt":"2024-05-23T11:55:27","slug":"ricardo-marques-solicita-contratacao-de-mais-pediatras-para-desafogar-upa-zona-sul-na-sazonalidade","status":"publish","type":"post","link":"https:\/\/senoticias.com.br\/se\/ricardo-marques-solicita-contratacao-de-mais-pediatras-para-desafogar-upa-zona-sul-na-sazonalidade\/","title":{"rendered":"Ricardo Marques solicita contrata\u00e7\u00e3o de mais pediatras para desafogar UPA Zona Sul na sazonalidade"},"content":{"rendered":"\n<p>O vereador Ricardo Marques (Cidadania) esteve no Hospital Municipal Fernando Franco, UPA Zona Sul de Aracaju. Durante fiscaliza\u00e7\u00e3o, ele constatou a afli\u00e7\u00e3o de m\u00e3es e pais em busca de atendimento pedi\u00e1trico para seus filhos. O hospital estava superlotado e o acolhimento deficiente por causa da alta demanda.<\/p>\n\n\n\n<figure class=\"wp-block-image size-large\"><img loading=\"lazy\" decoding=\"async\" width=\"528\" height=\"509\" src=\"https:\/\/senoticias.com.br\/se\/wp-content\/uploads\/2024\/05\/ricardo-marqeus-senoticas-e1716465268407.jpeg\" alt=\"\" class=\"wp-image-142494\"\/><\/figure>\n\n\n\n<p>&#8220;Encontrei mais de 40 crian\u00e7as no espa\u00e7o de acolhimento misturadas com pacientes adultos. No local tinha apenas um m\u00e9dico pediatra no consult\u00f3rio. Outros dois estavam nos leitos de retaguarda, onde ficam as crian\u00e7as em observa\u00e7\u00e3o. No momento da fiscaliza\u00e7\u00e3o quatro crian\u00e7as aguardavam transfer\u00eancia para UTI. Apesar dessa situa\u00e7\u00e3o quero ressaltar que o Hospital Fernando Franco tem a \u00fanica urg\u00eancia pedi\u00e1trica que n\u00e3o restringiu o atendimento, apesar da superlota\u00e7\u00e3o\u201d, disse o vereador.<\/p>\n\n\n\n<p>O vereador Ricardo Marques alerta que a situa\u00e7\u00e3o deve se agravar com a fuma\u00e7a do per\u00edodo de festas juninas. Ele tamb\u00e9m encaminhou algumas sugest\u00f5es para aliviar a afli\u00e7\u00e3o das m\u00e3es e dos pais com seus filhos.<\/p>\n\n\n\n<p>\u201cDesde abril que venho alertando sobre esse problema da sazonalidade e da necessidade de antecipar um plano de conting\u00eancia conjunto entre o Governo do Estado e Prefeitura de Aracaju. Por isso sugeri contrata\u00e7\u00e3o de mais profissionais, amplia\u00e7\u00e3o de leitos de pequena, m\u00e9dia e alta complexidade. Tamb\u00e9m acho necess\u00e1rio um trabalho massivo para informar e orientar sobre a amplia\u00e7\u00e3o do atendimento nas UBS, e avaliar a possibilidade de abrir nos fins de semana\u201d, finalizou Ricardo Marques.<\/p>\n\n\n\n<p><strong><em>A<strong><em>companhe tamb\u00e9m o SE Not\u00edcias no\u00a0<a rel=\"noreferrer noopener\" href=\"https:\/\/www.instagram.com\/senoticias\/\" target=\"_blank\">Instagram<\/a><\/em><\/strong><\/em><\/strong>,\u00a0<strong><em><strong><em>\u00a0<a rel=\"noreferrer noopener\" href=\"https:\/\/www.facebook.com\/senoticias1\" target=\"_blank\">Facebook<\/a>\u00a0e<\/em><\/strong>\u00a0no<\/em>\u00a0<em><a href=\"https:\/\/twitter.com\/Senoticias\">X<\/a><\/em><\/strong><\/p>\n","protected":false},"excerpt":{"rendered":"<p>O vereador Ricardo Marques (Cidadania) esteve no Hospital Municipal Fernando Franco, UPA Zona Sul de Aracaju. Durante fiscaliza\u00e7\u00e3o, ele constatou a afli\u00e7\u00e3o de m\u00e3es e pais em busca de atendimento pedi\u00e1trico para seus filhos. O hospital estava superlotado e o acolhimento deficiente por causa da alta demanda. &#8220;Encontrei mais de 40 crian\u00e7as no espa\u00e7o de [&hellip;]<\/p>\n","protected":false},"author":6557,"featured_media":0,"comment_status":"closed","ping_status":"closed","sticky":false,"template":"","format":"standard","meta":{"footnotes":""},"categories":[15,6],"tags":[16696,12723],"class_list":{"0":"post-142493","1":"post","2":"type-post","3":"status-publish","4":"format-standard","6":"category-destaques","7":"category-politica","8":"tag-ricardo-marques","9":"tag-upa"},"_links":{"self":[{"href":"https:\/\/senoticias.com.br\/se\/wp-json\/wp\/v2\/posts\/142493"}],"collection":[{"href":"https:\/\/senoticias.com.br\/se\/wp-json\/wp\/v2\/posts"}],"about":[{"href":"https:\/\/senoticias.com.br\/se\/wp-json\/wp\/v2\/types\/post"}],"author":[{"embeddable":true,"href":"https:\/\/senoticias.com.br\/se\/wp-json\/wp\/v2\/users\/6557"}],"replies":[{"embeddable":true,"href":"https:\/\/senoticias.com.br\/se\/wp-json\/wp\/v2\/comments?post=142493"}],"version-history":[{"count":0,"href":"https:\/\/senoticias.com.br\/se\/wp-json\/wp\/v2\/posts\/142493\/revisions"}],"wp:attachment":[{"href":"https:\/\/senoticias.com.br\/se\/wp-json\/wp\/v2\/media?parent=142493"}],"wp:term":[{"taxonomy":"category","embeddable":true,"href":"https:\/\/senoticias.com.br\/se\/wp-json\/wp\/v2\/categories?post=142493"},{"taxonomy":"post_tag","embeddable":true,"href":"https:\/\/senoticias.com.br\/se\/wp-json\/wp\/v2\/tags?post=142493"}],"curies":[{"name":"wp","href":"https:\/\/api.w.org\/{rel}","templated":true}]}}