{"id":142471,"date":"2024-05-21T17:53:07","date_gmt":"2024-05-21T20:53:07","guid":{"rendered":"https:\/\/senoticias.com.br\/se\/?p=142471"},"modified":"2024-05-21T17:53:13","modified_gmt":"2024-05-21T20:53:13","slug":"justica-suspende-paralisacao-anunciada-pelo-sintese-e-garante-aulas-para-alunos-das-escolas-publicas-estaduais","status":"publish","type":"post","link":"https:\/\/senoticias.com.br\/se\/justica-suspende-paralisacao-anunciada-pelo-sintese-e-garante-aulas-para-alunos-das-escolas-publicas-estaduais\/","title":{"rendered":"Justi\u00e7a suspende paralisa\u00e7\u00e3o anunciada pelo Sintese e garante aulas para alunos das escolas p\u00fablicas estaduais"},"content":{"rendered":"\n<p>O Tribunal de Justi\u00e7a do Estado de Sergipe (TJSE) acatou nesta ter\u00e7a-feira, 21, ao pedido liminar apresentado pelo Governo do Estado, por interm\u00e9dio da Procuradoria-Geral do Estado de Sergipe (PGE-SE), para suspender a paralisa\u00e7\u00e3o anunciada pelo Sindicato dos Trabalhadores em Educa\u00e7\u00e3o B\u00e1sica do Estado de Sergipe (Sintese), prevista para os pr\u00f3ximos dias 22, 23 e 24.<\/p>\n\n\n\n<p>A liminar concedida acolheu os argumentos do executivo estadual quanto aos preju\u00edzos acarretados pela paralisa\u00e7\u00e3o e de que o Estado vem mantendo di\u00e1logos cont\u00ednuos com a categoria acerca das demandas pleiteadas. Na decis\u00e3o, o TJSE destacou que o sindicato n\u00e3o prop\u00f4s, junto ao governo, o n\u00famero m\u00ednimo de servidores que deveriam permanecer em atividade para que n\u00e3o houvesse preju\u00edzo total \u00e0s aulas, conforme previsto na legisla\u00e7\u00e3o.<\/p>\n\n\n\n<figure class=\"wp-block-image size-large\"><img loading=\"lazy\" decoding=\"async\" width=\"557\" height=\"418\" src=\"https:\/\/senoticias.com.br\/se\/wp-content\/uploads\/2021\/12\/Ato-do-Sintese-SE-Noticias.jpeg\" alt=\"\" class=\"wp-image-130759\" srcset=\"https:\/\/senoticias.com.br\/se\/wp-content\/uploads\/2021\/12\/Ato-do-Sintese-SE-Noticias.jpeg 557w, https:\/\/senoticias.com.br\/se\/wp-content\/uploads\/2021\/12\/Ato-do-Sintese-SE-Noticias-300x225.jpeg 300w, https:\/\/senoticias.com.br\/se\/wp-content\/uploads\/2021\/12\/Ato-do-Sintese-SE-Noticias-45x35.jpeg 45w\" sizes=\"(max-width: 557px) 100vw, 557px\" \/><figcaption>O Tribunal de Justi\u00e7a de Sergipe acatou pedido liminar protocolado pelo Governo do Estado, via Procuradoria Geral do Estado &#8211; Foto: arquivo\/Sintese<\/figcaption><\/figure>\n\n\n\n<p>Outro ponto citado para a suspens\u00e3o da greve diz respeito \u00e0 continuidade das negocia\u00e7\u00f5es entre o Governo do Estado e os professores. A decis\u00e3o reafirma que as tratativas continuam em curso e que a greve, nesse contexto, \u00e9 caracterizada como desproporcional, visto que um avan\u00e7o para as pautas em discuss\u00e3o tamb\u00e9m demanda tempo.<\/p>\n\n\n\n<p>\u201cO Estado de Sergipe entende que essa decis\u00e3o refor\u00e7a a necessidade de preservarmos o direito fundamental \u00e0 educa\u00e7\u00e3o, na medida em que seguem as negocia\u00e7\u00f5es com o Sintese. O Estado continua aberto ao di\u00e1logo e com o compromisso de buscar, de forma colaborativa, solu\u00e7\u00f5es que contemplem as demandas dos professores, mas sem deixar de proteger e assegurar o acesso \u00e0 educa\u00e7\u00e3o\u201d, reitera o procurador-geral do Estado, Carlos Pinna J\u00fanior.<\/p>\n\n\n\n<p><strong><em>A<strong><em>companhe tamb\u00e9m o SE Not\u00edcias no\u00a0<a rel=\"noreferrer noopener\" href=\"https:\/\/www.instagram.com\/senoticias\/\" target=\"_blank\">Instagram<\/a><\/em><\/strong><\/em><\/strong>,\u00a0<strong><em><strong><em>\u00a0<a rel=\"noreferrer noopener\" href=\"https:\/\/www.facebook.com\/senoticias1\" target=\"_blank\">Facebook<\/a>\u00a0e<\/em><\/strong>\u00a0no<\/em>\u00a0<em><a href=\"https:\/\/twitter.com\/Senoticias\">X<\/a><\/em><\/strong><\/p>\n\n\n\n<p>Fonte: Ag\u00eancia Sergipe de Not\u00edcias<\/p>\n","protected":false},"excerpt":{"rendered":"<p>O Tribunal de Justi\u00e7a do Estado de Sergipe (TJSE) acatou nesta ter\u00e7a-feira, 21, ao pedido liminar apresentado pelo Governo do Estado, por interm\u00e9dio da Procuradoria-Geral do Estado de Sergipe (PGE-SE), para suspender a paralisa\u00e7\u00e3o anunciada pelo Sindicato dos Trabalhadores em Educa\u00e7\u00e3o B\u00e1sica do Estado de Sergipe (Sintese), prevista para os pr\u00f3ximos dias 22, 23 e [&hellip;]<\/p>\n","protected":false},"author":6557,"featured_media":0,"comment_status":"closed","ping_status":"closed","sticky":false,"template":"","format":"standard","meta":{"footnotes":""},"categories":[15,6],"tags":[41656,35808,677],"class_list":{"0":"post-142471","1":"post","2":"type-post","3":"status-publish","4":"format-standard","6":"category-destaques","7":"category-politica","8":"tag-justica-suspende","9":"tag-paralizacao","10":"tag-sintese"},"_links":{"self":[{"href":"https:\/\/senoticias.com.br\/se\/wp-json\/wp\/v2\/posts\/142471"}],"collection":[{"href":"https:\/\/senoticias.com.br\/se\/wp-json\/wp\/v2\/posts"}],"about":[{"href":"https:\/\/senoticias.com.br\/se\/wp-json\/wp\/v2\/types\/post"}],"author":[{"embeddable":true,"href":"https:\/\/senoticias.com.br\/se\/wp-json\/wp\/v2\/users\/6557"}],"replies":[{"embeddable":true,"href":"https:\/\/senoticias.com.br\/se\/wp-json\/wp\/v2\/comments?post=142471"}],"version-history":[{"count":0,"href":"https:\/\/senoticias.com.br\/se\/wp-json\/wp\/v2\/posts\/142471\/revisions"}],"wp:attachment":[{"href":"https:\/\/senoticias.com.br\/se\/wp-json\/wp\/v2\/media?parent=142471"}],"wp:term":[{"taxonomy":"category","embeddable":true,"href":"https:\/\/senoticias.com.br\/se\/wp-json\/wp\/v2\/categories?post=142471"},{"taxonomy":"post_tag","embeddable":true,"href":"https:\/\/senoticias.com.br\/se\/wp-json\/wp\/v2\/tags?post=142471"}],"curies":[{"name":"wp","href":"https:\/\/api.w.org\/{rel}","templated":true}]}}