{"id":142460,"date":"2024-05-21T10:55:19","date_gmt":"2024-05-21T13:55:19","guid":{"rendered":"https:\/\/senoticias.com.br\/se\/?p=142460"},"modified":"2024-05-21T10:55:29","modified_gmt":"2024-05-21T13:55:29","slug":"policia-civil-participa-de-palestra-sobre-enfrentamento-a-violencia-domestica-e-familiar-promovida-pelo-tre","status":"publish","type":"post","link":"https:\/\/senoticias.com.br\/se\/policia-civil-participa-de-palestra-sobre-enfrentamento-a-violencia-domestica-e-familiar-promovida-pelo-tre\/","title":{"rendered":"Pol\u00edcia Civil participa de palestra sobre enfrentamento \u00e0 viol\u00eancia dom\u00e9stica e familiar promovida pelo TRE"},"content":{"rendered":"\n<p>A Pol\u00edcia Civil integrou a palestra \u2018Enfrentamento \u00e0 viol\u00eancia dom\u00e9stica e familiar: um dever social e institucional\u2019, promovida pelo Tribunal Regional Eleitoral de Sergipe (TRE). O evento aconteceu nessa segunda-feira, 20.<\/p>\n\n\n\n<figure class=\"wp-block-image size-large\"><img loading=\"lazy\" decoding=\"async\" width=\"1024\" height=\"682\" src=\"https:\/\/senoticias.com.br\/se\/wp-content\/uploads\/2024\/05\/dagav-senoticias-1024x682.jpg\" alt=\"\" class=\"wp-image-142461\"\/><figcaption>Delegada Mariana Diniz, diretora do DAGV, falou sobre o protagonismo feminino<\/figcaption><\/figure>\n\n\n\n<p>Conforme o TRE, o objetivo do encontro foi o de incentivar mulheres de todas as ra\u00e7as e classes sociais que sofrem ou tenham sofrido algum tipo de viol\u00eancia dom\u00e9stica e familiar &#8211; f\u00edsica ou psicol\u00f3gica &#8211; a procurarem apoio nos \u00f3rg\u00e3os especializados.<\/p>\n\n\n\n<p>Iniciando o debate, a delegada de pol\u00edcia e coordenadora do Departamento de Atendimento a Grupos Vulner\u00e1veis (DAGV), Mariana Diniz Franco Santos, falou sobre o tema \u2018Enfrentamento \u00e0 viol\u00eancia contra a mulher e o protagonismo feminino\u2019.<\/p>\n\n\n\n<p>No evento, a delegada apresentou o trabalho do DAGV e explicou o procedimento para formalizar a den\u00fancia, os tipos de agress\u00f5es que caracterizam a viol\u00eancia e os direitos estabelecidos pela Lei Maria da Penha.<\/p>\n\n\n\n<p>Mariana Diniz lembrou ainda que, em diversos casos, h\u00e1 mulheres que n\u00e3o reconhecem estarem sendo v\u00edtimas de viol\u00eancia dom\u00e9stica e familiar.<\/p>\n\n\n\n<p>\u201cAcontece de as mulheres n\u00e3o reconhecerem que est\u00e3o sendo v\u00edtimas de viol\u00eancia, por n\u00e3o ser viol\u00eancia f\u00edsica. A viol\u00eancia psicol\u00f3gica \u00e9 t\u00e3o agressiva quanto a f\u00edsica e deixa marcas traum\u00e1ticas na vida dessas mulheres\u201d, esclareceu a delegada.<\/p>\n\n\n\n<p><strong><em>A<strong><em>companhe tamb\u00e9m o SE Not\u00edcias no\u00a0<a rel=\"noreferrer noopener\" href=\"https:\/\/www.instagram.com\/senoticias\/\" target=\"_blank\">Instagram<\/a><\/em><\/strong><\/em><\/strong>,\u00a0<strong><em><strong><em>\u00a0<a rel=\"noreferrer noopener\" href=\"https:\/\/www.facebook.com\/senoticias1\" target=\"_blank\">Facebook<\/a>\u00a0e<\/em><\/strong>\u00a0no<\/em>\u00a0<em><a href=\"https:\/\/twitter.com\/Senoticias\">X<\/a><\/em><\/strong><\/p>\n\n\n\n<p>Com informa\u00e7\u00f5es de TRE<\/p>\n","protected":false},"excerpt":{"rendered":"<p>A Pol\u00edcia Civil integrou a palestra \u2018Enfrentamento \u00e0 viol\u00eancia dom\u00e9stica e familiar: um dever social e institucional\u2019, promovida pelo Tribunal Regional Eleitoral de Sergipe (TRE). O evento aconteceu nessa segunda-feira, 20. Conforme o TRE, o objetivo do encontro foi o de incentivar mulheres de todas as ra\u00e7as e classes sociais que sofrem ou tenham sofrido [&hellip;]<\/p>\n","protected":false},"author":6557,"featured_media":0,"comment_status":"closed","ping_status":"closed","sticky":false,"template":"","format":"standard","meta":{"footnotes":""},"categories":[15,7],"tags":[78,6106,2867],"class_list":{"0":"post-142460","1":"post","2":"type-post","3":"status-publish","4":"format-standard","6":"category-destaques","7":"category-policia","8":"tag-policia-civil","9":"tag-tre","10":"tag-violencia-domestica"},"_links":{"self":[{"href":"https:\/\/senoticias.com.br\/se\/wp-json\/wp\/v2\/posts\/142460"}],"collection":[{"href":"https:\/\/senoticias.com.br\/se\/wp-json\/wp\/v2\/posts"}],"about":[{"href":"https:\/\/senoticias.com.br\/se\/wp-json\/wp\/v2\/types\/post"}],"author":[{"embeddable":true,"href":"https:\/\/senoticias.com.br\/se\/wp-json\/wp\/v2\/users\/6557"}],"replies":[{"embeddable":true,"href":"https:\/\/senoticias.com.br\/se\/wp-json\/wp\/v2\/comments?post=142460"}],"version-history":[{"count":0,"href":"https:\/\/senoticias.com.br\/se\/wp-json\/wp\/v2\/posts\/142460\/revisions"}],"wp:attachment":[{"href":"https:\/\/senoticias.com.br\/se\/wp-json\/wp\/v2\/media?parent=142460"}],"wp:term":[{"taxonomy":"category","embeddable":true,"href":"https:\/\/senoticias.com.br\/se\/wp-json\/wp\/v2\/categories?post=142460"},{"taxonomy":"post_tag","embeddable":true,"href":"https:\/\/senoticias.com.br\/se\/wp-json\/wp\/v2\/tags?post=142460"}],"curies":[{"name":"wp","href":"https:\/\/api.w.org\/{rel}","templated":true}]}}