{"id":142458,"date":"2024-05-21T10:48:55","date_gmt":"2024-05-21T13:48:55","guid":{"rendered":"https:\/\/senoticias.com.br\/se\/?p=142458"},"modified":"2024-05-21T17:18:26","modified_gmt":"2024-05-21T20:18:26","slug":"yandra-ira-se-licenciar-de-mandato-na-camara-dos-deputados","status":"publish","type":"post","link":"https:\/\/senoticias.com.br\/se\/yandra-ira-se-licenciar-de-mandato-na-camara-dos-deputados\/","title":{"rendered":"Yandra ir\u00e1 se licenciar de mandato na C\u00e2mara dos Deputados"},"content":{"rendered":"\n<p>A deputada federal Yandra Moura (Uni\u00e3o Brasil), pr\u00e9 \u2013 candidata ao cargo de prefeita de Aracaju no processo eleitoral deste ano, ir\u00e1 licenciar-se do mandato na C\u00e2mara dos Deputados.<\/p>\n\n\n\n<figure class=\"wp-block-image size-large\"><img loading=\"lazy\" decoding=\"async\" width=\"873\" height=\"1024\" src=\"https:\/\/senoticias.com.br\/se\/wp-content\/uploads\/2024\/05\/yandra-senoticias-1-873x1024.jpeg\" alt=\"\" class=\"wp-image-142459\"\/><figcaption>Yandra ir\u00e1 se licenciar de mandato &#8211; Foto: ascom\/divulga\u00e7\u00e3o<\/figcaption><\/figure>\n\n\n\n<p><br>De acordo com a parlamentar, enquanto isso n\u00e3o ocorre, o trabalho na casa legislativa segue a todo vapor. Seja com a disponibiliza\u00e7\u00e3o de recursos para os munic\u00edpios sergipanos, na intermedia\u00e7\u00e3o de conquistas para o povo que a elegeu como a mais votada na hist\u00f3ria do estado e, na aprova\u00e7\u00e3o de propostas na C\u00e2mara. Onde em pouco mais de um ano do mandato j\u00e1 conseguiu aprovar quatros projetos.<br>Com a sa\u00edda da parlamentar, assumir\u00e1 o mandato o ex \u2013 deputado federal F\u00e1bio Henrique.<\/p>\n\n\n\n<p><strong><em>A<strong><em>companhe tamb\u00e9m o SE Not\u00edcias no&nbsp;<a rel=\"noreferrer noopener\" href=\"https:\/\/www.instagram.com\/senoticias\/\" target=\"_blank\">Instagram<\/a><\/em><\/strong><\/em><\/strong>,&nbsp;<strong><em><strong><em>&nbsp;<a rel=\"noreferrer noopener\" href=\"https:\/\/www.facebook.com\/senoticias1\" target=\"_blank\">Facebook<\/a>&nbsp;e<\/em><\/strong>&nbsp;no<\/em>&nbsp;<em><a href=\"https:\/\/twitter.com\/Senoticias\">X<\/a><\/em><\/strong><\/p>\n\n\n\n<p>Fonte: ascom\/divulga\u00e7\u00e3o<\/p>\n","protected":false},"excerpt":{"rendered":"<p>A deputada federal Yandra Moura (Uni\u00e3o Brasil), pr\u00e9 \u2013 candidata ao cargo de prefeita de Aracaju no processo eleitoral deste ano, ir\u00e1 licenciar-se do mandato na C\u00e2mara dos Deputados. De acordo com a parlamentar, enquanto isso n\u00e3o ocorre, o trabalho na casa legislativa segue a todo vapor. Seja com a disponibiliza\u00e7\u00e3o de recursos para os [&hellip;]<\/p>\n","protected":false},"author":6557,"featured_media":0,"comment_status":"closed","ping_status":"closed","sticky":false,"template":"","format":"standard","meta":{"footnotes":""},"categories":[15,6],"tags":[41654,37852],"class_list":{"0":"post-142458","1":"post","2":"type-post","3":"status-publish","4":"format-standard","6":"category-destaques","7":"category-politica","8":"tag-camara-de-deputados","9":"tag-yandra-moura"},"_links":{"self":[{"href":"https:\/\/senoticias.com.br\/se\/wp-json\/wp\/v2\/posts\/142458"}],"collection":[{"href":"https:\/\/senoticias.com.br\/se\/wp-json\/wp\/v2\/posts"}],"about":[{"href":"https:\/\/senoticias.com.br\/se\/wp-json\/wp\/v2\/types\/post"}],"author":[{"embeddable":true,"href":"https:\/\/senoticias.com.br\/se\/wp-json\/wp\/v2\/users\/6557"}],"replies":[{"embeddable":true,"href":"https:\/\/senoticias.com.br\/se\/wp-json\/wp\/v2\/comments?post=142458"}],"version-history":[{"count":0,"href":"https:\/\/senoticias.com.br\/se\/wp-json\/wp\/v2\/posts\/142458\/revisions"}],"wp:attachment":[{"href":"https:\/\/senoticias.com.br\/se\/wp-json\/wp\/v2\/media?parent=142458"}],"wp:term":[{"taxonomy":"category","embeddable":true,"href":"https:\/\/senoticias.com.br\/se\/wp-json\/wp\/v2\/categories?post=142458"},{"taxonomy":"post_tag","embeddable":true,"href":"https:\/\/senoticias.com.br\/se\/wp-json\/wp\/v2\/tags?post=142458"}],"curies":[{"name":"wp","href":"https:\/\/api.w.org\/{rel}","templated":true}]}}