{"id":142439,"date":"2024-05-18T16:01:26","date_gmt":"2024-05-18T19:01:26","guid":{"rendered":"https:\/\/senoticias.com.br\/se\/?p=142439"},"modified":"2024-05-18T16:01:33","modified_gmt":"2024-05-18T19:01:33","slug":"eu-e-belivaldo-temos-a-inquietude-da-juventude-e-a-sabedoria-da-experiencia-diz-yandra-no-lancamento-de-sua-pre-candidatura","status":"publish","type":"post","link":"https:\/\/senoticias.com.br\/se\/eu-e-belivaldo-temos-a-inquietude-da-juventude-e-a-sabedoria-da-experiencia-diz-yandra-no-lancamento-de-sua-pre-candidatura\/","title":{"rendered":"\u201cEu e Belivaldo temos a inquietude da juventude e a sabedoria da experi\u00eancia\u201d, diz Yandra no lan\u00e7amento de sua pr\u00e9-candidatura"},"content":{"rendered":"\n<p><\/p>\n\n\n\n<p>Em clima de festa, milhares de pessoas compareceram ao bairro 18 do Forte, em Aracaju, para participar do lan\u00e7amento da pr\u00e9-candidatura de Yandra Moura (Uni\u00e3o) \u00e0 Prefeitura de Aracaju e de Belivaldo Chagas (Podemos) como pr\u00e9-candidato a vice-prefeito.<\/p>\n\n\n\n<figure class=\"wp-block-image size-large\"><img loading=\"lazy\" decoding=\"async\" width=\"584\" height=\"438\" src=\"https:\/\/senoticias.com.br\/se\/wp-content\/uploads\/2024\/05\/Yandra-Moura-Se-Noticias.jpg\" alt=\"\" class=\"wp-image-142440\" srcset=\"https:\/\/senoticias.com.br\/se\/wp-content\/uploads\/2024\/05\/Yandra-Moura-Se-Noticias.jpg 584w, https:\/\/senoticias.com.br\/se\/wp-content\/uploads\/2024\/05\/Yandra-Moura-Se-Noticias-300x225.jpg 300w, https:\/\/senoticias.com.br\/se\/wp-content\/uploads\/2024\/05\/Yandra-Moura-Se-Noticias-45x35.jpg 45w\" sizes=\"(max-width: 584px) 100vw, 584px\" \/><figcaption>Ao lado de Belivaldo Chagas, Yandra refor\u00e7ou seu compromisso e a prepara\u00e7\u00e3o da dupla para liderar Aracaju &#8211; Foto: ascom\/divulga\u00e7\u00e3o<\/figcaption><\/figure>\n\n\n\n<p>Os nomes de Yandra e Belivaldo surgem dentro do agrupamento liderado pelo governador F\u00e1bio Mitidieri e refletem os anseios da popula\u00e7\u00e3o de Aracaju, que exige efici\u00eancia nos servi\u00e7os b\u00e1sicos. \u201cApesar de alguns avan\u00e7os na prefeitura, ainda h\u00e1 muito para ser feito. Fui convocada pelas pessoas insatisfeitas com os atendimentos e consultas m\u00e9dicas, a escassez de medicamentos, os postos de sa\u00fade que fecham \u00e0s 18h, as categorias profissionais desvalorizadas e a falta de vagas em creches, que impede que nossas m\u00e3es possam trabalhar e progredir. Al\u00e9m disso, h\u00e1 reclama\u00e7\u00f5es sobre o transporte p\u00fablico que n\u00e3o oferece condi\u00e7\u00f5es dignas aos usu\u00e1rios, sem conforto ou confiabilidade\u201d, justificou Yandra.<\/p>\n\n\n\n<p>\u201cLembro-me de Yandra na campanha de deputada, rec\u00e9m-chegada na pol\u00edtica, conquistou cora\u00e7\u00f5es e se tornou a deputada mais votada da hist\u00f3ria de Sergipe. Hoje, ela realiza um mandato exemplar atrav\u00e9s de um trabalho incans\u00e1vel. Quando ela me procurou e disse que queria fazer mais por Aracaju, n\u00e3o hesitei em aceitar o convite. Portanto, Yandra, conte comigo, serei seu pr\u00e9-candidato a vice-prefeito e ajudarei voc\u00ea a administrar Aracaju\u201d, afirmou o ex-governador Belivaldo Chagas.<\/p>\n\n\n\n<p>O evento contou com a presen\u00e7a de Ant\u00f4nio Rueda, presidente nacional do Uni\u00e3o Brasil; Elmar Nascimento, l\u00edder do partido na C\u00e2mara dos Deputados; Pastor Everaldo, vice-presidente nacional do Podemos; e Celso Sabino, ministro do Turismo. Tamb\u00e9m estiveram presentes pr\u00e9-candidatos a vereador dos partidos aliados at\u00e9 o momento (Uni\u00e3o Brasil, Podemos, PRD, DC, Mobiliza e Avante), deputados estaduais, prefeitos de munic\u00edpios sergipanos e diversas lideran\u00e7as.<\/p>\n\n\n\n<p><strong><em>A<strong><em>companhe tamb\u00e9m o SE Not\u00edcias no\u00a0<a rel=\"noreferrer noopener\" href=\"https:\/\/www.instagram.com\/senoticias\/\" target=\"_blank\">Instagram<\/a><\/em><\/strong><\/em><\/strong>,\u00a0<strong><em><strong><em>\u00a0<a rel=\"noreferrer noopener\" href=\"https:\/\/www.facebook.com\/senoticias1\" target=\"_blank\">Facebook<\/a>\u00a0e<\/em><\/strong>\u00a0no<\/em>\u00a0<em><a href=\"https:\/\/twitter.com\/Senoticias\">X<\/a><\/em><\/strong><\/p>\n\n\n\n<p>Assessoria de Comunica\u00e7\u00e3o<br>Yandra Moura &#8211; Deputada Federal<\/p>\n","protected":false},"excerpt":{"rendered":"<p>Em clima de festa, milhares de pessoas compareceram ao bairro 18 do Forte, em Aracaju, para participar do lan\u00e7amento da pr\u00e9-candidatura de Yandra Moura (Uni\u00e3o) \u00e0 Prefeitura de Aracaju e de Belivaldo Chagas (Podemos) como pr\u00e9-candidato a vice-prefeito. Os nomes de Yandra e Belivaldo surgem dentro do agrupamento liderado pelo governador F\u00e1bio Mitidieri e refletem [&hellip;]<\/p>\n","protected":false},"author":6557,"featured_media":0,"comment_status":"closed","ping_status":"closed","sticky":false,"template":"","format":"standard","meta":{"footnotes":""},"categories":[15,6],"tags":[5618,8545,37852],"class_list":{"0":"post-142439","1":"post","2":"type-post","3":"status-publish","4":"format-standard","6":"category-destaques","7":"category-politica","8":"tag-lancamento","9":"tag-pre-candidatura","10":"tag-yandra-moura"},"_links":{"self":[{"href":"https:\/\/senoticias.com.br\/se\/wp-json\/wp\/v2\/posts\/142439"}],"collection":[{"href":"https:\/\/senoticias.com.br\/se\/wp-json\/wp\/v2\/posts"}],"about":[{"href":"https:\/\/senoticias.com.br\/se\/wp-json\/wp\/v2\/types\/post"}],"author":[{"embeddable":true,"href":"https:\/\/senoticias.com.br\/se\/wp-json\/wp\/v2\/users\/6557"}],"replies":[{"embeddable":true,"href":"https:\/\/senoticias.com.br\/se\/wp-json\/wp\/v2\/comments?post=142439"}],"version-history":[{"count":0,"href":"https:\/\/senoticias.com.br\/se\/wp-json\/wp\/v2\/posts\/142439\/revisions"}],"wp:attachment":[{"href":"https:\/\/senoticias.com.br\/se\/wp-json\/wp\/v2\/media?parent=142439"}],"wp:term":[{"taxonomy":"category","embeddable":true,"href":"https:\/\/senoticias.com.br\/se\/wp-json\/wp\/v2\/categories?post=142439"},{"taxonomy":"post_tag","embeddable":true,"href":"https:\/\/senoticias.com.br\/se\/wp-json\/wp\/v2\/tags?post=142439"}],"curies":[{"name":"wp","href":"https:\/\/api.w.org\/{rel}","templated":true}]}}