{"id":142438,"date":"2024-05-18T07:53:37","date_gmt":"2024-05-18T10:53:37","guid":{"rendered":"https:\/\/senoticias.com.br\/se\/?p=142438"},"modified":"2024-05-18T08:00:17","modified_gmt":"2024-05-18T11:00:17","slug":"chuvas-moderadas-e-intensas-sao-esperadas-em-sergipe-neste-sabado-18","status":"publish","type":"post","link":"https:\/\/senoticias.com.br\/se\/chuvas-moderadas-e-intensas-sao-esperadas-em-sergipe-neste-sabado-18\/","title":{"rendered":"Chuvas moderadas e intensas s\u00e3o esperadas em Sergipe neste s\u00e1bado, 18"},"content":{"rendered":"\n<p>Um boletim meteorol\u00f3gico, emitido nesta sexta-feira (17), indicou a possibilidade de chuvas moderadas a intensas em todo estado de Sergipe at\u00e9 \u00e0s 17h deste s\u00e1bado (18).<\/p>\n\n\n\n<p>Segundo a Ger\u00eancia de Meteorologia e Mudan\u00e7as Clim\u00e1ticas (SEMAC\/SE), do Governo do Estado, a previs\u00e3o \u00e9 que o acumulado de chuva ultrapasse 50 mm\/dia durante o per\u00edodo do alerta.<\/p>\n\n\n\n<figure class=\"wp-block-image size-large\"><img loading=\"lazy\" decoding=\"async\" width=\"591\" height=\"443\" src=\"https:\/\/senoticias.com.br\/se\/wp-content\/uploads\/2023\/07\/Chuvas-SE-Noticias.jpg\" alt=\"\" class=\"wp-image-137990\" srcset=\"https:\/\/senoticias.com.br\/se\/wp-content\/uploads\/2023\/07\/Chuvas-SE-Noticias.jpg 591w, https:\/\/senoticias.com.br\/se\/wp-content\/uploads\/2023\/07\/Chuvas-SE-Noticias-300x225.jpg 300w, https:\/\/senoticias.com.br\/se\/wp-content\/uploads\/2023\/07\/Chuvas-SE-Noticias-45x35.jpg 45w\" sizes=\"(max-width: 591px) 100vw, 591px\" \/><figcaption>Defesa Civil emite alerta de chuva moderada em Sergipe neste s\u00e1bado &#8211; Foto: arquivo\/SE Not\u00edcias<\/figcaption><\/figure>\n\n\n\n<p>Al\u00e9m disso, as regi\u00f5es do litoral e agreste devem redobrar a aten\u00e7\u00e3o para os riscos associados da chuva, como alagamentos, deslizamentos de encostas e transbordamento de rios e lagoas. Confira abaixo a previs\u00e3o completa para o final de semana:<\/p>\n\n\n\n<p><strong>S\u00e1bado (18\/05):<\/strong><\/p>\n\n\n\n<p><strong>Litoral: <\/strong>Pela manh\u00e3 e tarde possibilidade de c\u00e9u encoberto, noite probabilidade de c\u00e9u parcialmente nublado e madrugada possibilidade de c\u00e9u encoberto. Possibilidade de chuva moderada a intensa. Temperatura m\u00ednima em torno 23.8\u00b0C e m\u00e1xima de 30.6\u00b0C. Ventos: manh\u00e3 (fraco), tarde (moderado), noite e madrugada (fraco).<\/p>\n\n\n\n<p>Agreste: Pela manh\u00e3, tarde, noite e madrugada possibilidade de c\u00e9u encoberto. Possibilidade de chuva moderada a intensa. Temperatura m\u00ednima em torno 21.6\u00b0C e m\u00e1xima de 29.4\u00b0C. Ventos: manh\u00e3 (fraco), tarde e noite (moderado), madrugada (fraco).<\/p>\n\n\n\n<p><strong>ClimAju<\/strong><\/p>\n\n\n\n<p>A Defesa Civil de Aracaju, \u00f3rg\u00e3o que integra a Secretaria Municipal da Defesa Social e da Cidadania (Semdec), emitiu alerta de chuva moderada para as pr\u00f3ximas 24h, na capital. De forma preventiva, um aviso foi encaminhado \u00e0 popula\u00e7\u00e3o atrav\u00e9s do Servi\u00e7o de Alerta por SMS 40199.<\/p>\n\n\n\n<p><strong><em>A<strong><em>companhe tamb\u00e9m o SE Not\u00edcias no\u00a0<a rel=\"noreferrer noopener\" href=\"https:\/\/www.instagram.com\/senoticias\/\" target=\"_blank\">Instagram<\/a><\/em><\/strong><\/em><\/strong>,\u00a0<strong><em><strong><em>\u00a0<a rel=\"noreferrer noopener\" href=\"https:\/\/www.facebook.com\/senoticias1\" target=\"_blank\">Facebook<\/a>\u00a0e<\/em><\/strong>\u00a0no<\/em>\u00a0<em><a href=\"https:\/\/twitter.com\/Senoticias\">X<\/a><\/em><\/strong><\/p>\n\n\n\n<p><\/p>\n\n\n\n<p><\/p>\n\n\n\n<p><\/p>\n\n\n\n<p><\/p>\n\n\n\n<p><\/p>\n","protected":false},"excerpt":{"rendered":"<p>Um boletim meteorol\u00f3gico, emitido nesta sexta-feira (17), indicou a possibilidade de chuvas moderadas a intensas em todo estado de Sergipe at\u00e9 \u00e0s 17h deste s\u00e1bado (18). Segundo a Ger\u00eancia de Meteorologia e Mudan\u00e7as Clim\u00e1ticas (SEMAC\/SE), do Governo do Estado, a previs\u00e3o \u00e9 que o acumulado de chuva ultrapasse 50 mm\/dia durante o per\u00edodo do alerta. [&hellip;]<\/p>\n","protected":false},"author":6557,"featured_media":0,"comment_status":"closed","ping_status":"closed","sticky":false,"template":"","format":"standard","meta":{"footnotes":""},"categories":[15,38,1],"tags":[119,41645],"class_list":{"0":"post-142438","1":"post","2":"type-post","3":"status-publish","4":"format-standard","6":"category-destaques","7":"category-municipios","8":"category-sem-categoria","9":"tag-chuvas","10":"tag-previsao-de-chuvas-2"},"_links":{"self":[{"href":"https:\/\/senoticias.com.br\/se\/wp-json\/wp\/v2\/posts\/142438"}],"collection":[{"href":"https:\/\/senoticias.com.br\/se\/wp-json\/wp\/v2\/posts"}],"about":[{"href":"https:\/\/senoticias.com.br\/se\/wp-json\/wp\/v2\/types\/post"}],"author":[{"embeddable":true,"href":"https:\/\/senoticias.com.br\/se\/wp-json\/wp\/v2\/users\/6557"}],"replies":[{"embeddable":true,"href":"https:\/\/senoticias.com.br\/se\/wp-json\/wp\/v2\/comments?post=142438"}],"version-history":[{"count":0,"href":"https:\/\/senoticias.com.br\/se\/wp-json\/wp\/v2\/posts\/142438\/revisions"}],"wp:attachment":[{"href":"https:\/\/senoticias.com.br\/se\/wp-json\/wp\/v2\/media?parent=142438"}],"wp:term":[{"taxonomy":"category","embeddable":true,"href":"https:\/\/senoticias.com.br\/se\/wp-json\/wp\/v2\/categories?post=142438"},{"taxonomy":"post_tag","embeddable":true,"href":"https:\/\/senoticias.com.br\/se\/wp-json\/wp\/v2\/tags?post=142438"}],"curies":[{"name":"wp","href":"https:\/\/api.w.org\/{rel}","templated":true}]}}