{"id":142424,"date":"2024-05-16T19:31:30","date_gmt":"2024-05-16T22:31:30","guid":{"rendered":"https:\/\/senoticias.com.br\/se\/?p=142424"},"modified":"2024-05-16T19:32:54","modified_gmt":"2024-05-16T22:32:54","slug":"enfermeiros-do-hospital-de-cirurgia-integram-forca-nacional-do-sus-no-rio-grande-do-sul","status":"publish","type":"post","link":"https:\/\/senoticias.com.br\/se\/enfermeiros-do-hospital-de-cirurgia-integram-forca-nacional-do-sus-no-rio-grande-do-sul\/","title":{"rendered":"Enfermeiros do Hospital de Cirurgia integram For\u00e7a Nacional do SUS no Rio Grande do Sul"},"content":{"rendered":"\n<figure class=\"wp-block-image size-large\"><img loading=\"lazy\" decoding=\"async\" width=\"576\" height=\"432\" src=\"https:\/\/senoticias.com.br\/se\/wp-content\/uploads\/2024\/05\/Equipe-de-profissionais-da-Enfermagem-do-HC-SE-Noticias.jpg\" alt=\"\" class=\"wp-image-142425\" srcset=\"https:\/\/senoticias.com.br\/se\/wp-content\/uploads\/2024\/05\/Equipe-de-profissionais-da-Enfermagem-do-HC-SE-Noticias.jpg 576w, https:\/\/senoticias.com.br\/se\/wp-content\/uploads\/2024\/05\/Equipe-de-profissionais-da-Enfermagem-do-HC-SE-Noticias-300x225.jpg 300w, https:\/\/senoticias.com.br\/se\/wp-content\/uploads\/2024\/05\/Equipe-de-profissionais-da-Enfermagem-do-HC-SE-Noticias-45x35.jpg 45w\" sizes=\"(max-width: 576px) 100vw, 576px\" \/><figcaption>A expectativa \u00e9 de que a equipe permane\u00e7a em Canoas durante o tempo necess\u00e1rio para estabilizar a situa\u00e7\u00e3o &#8211; Foto: ascom\/divulga\u00e7\u00e3o<\/figcaption><\/figure>\n\n\n\n<p>Solid\u00e1rio \u00e0 trag\u00e9dia das chuvas que assolam o Rio Grande do Sul, o Hospital de Cirurgia (HC) liberou cinco profissionais da enfermagem de sua equipe para integrar a a\u00e7\u00e3o da For\u00e7a Nacional do Sistema \u00danico de Sa\u00fade (SUS), programa liderado pelo Minist\u00e9rio da Sa\u00fade, no RS.<\/p>\n\n\n\n<p>Inicialmente, os profissionais de sa\u00fade do HC foram designados para apoiar os atendimentos no Hospital de Campanha instalado na cidade de Canoas\/RS, uma medida que visa refor\u00e7ar a assist\u00eancia \u00e0 popula\u00e7\u00e3o em meio \u00e0 crise emergencial causada pelas enchentes.<\/p>\n\n\n\n<p>A equipe de enfermeiros, composta por profissionais qualificados e experientes, embarcou na tarde desta quinta-feira, 16, rumo a Canoas. A iniciativa \u00e9 parte de um esfor\u00e7o para fortalecer os atendimentos do SUS no RS, garantindo que as necessidades de sa\u00fade da popula\u00e7\u00e3o sejam atendidas de maneira eficaz.<\/p>\n\n\n\n<p><strong>Miss\u00e3o e solidariedade<\/strong><br><br>\u201cO Hospital de Cirurgia, reconhecido por sua excel\u00eancia em atendimentos e cirurgias de alta complexidade, reafirma o seu compromisso com a sa\u00fade p\u00fablica ao disponibilizar os seus recursos humanos para essa miss\u00e3o\u201d, ressalta o diretor t\u00e9cnico do HC, Dr. Rilton Morais.<\/p>\n\n\n\n<p><strong>A Interventora Judicial do Hospital de Cirurgia, a enfermeira M\u00e1rcia Guimar\u00e3es<\/strong>, destaca a import\u00e2ncia da colabora\u00e7\u00e3o entre as institui\u00e7\u00f5es de sa\u00fade e o Governo. &#8220;A solidariedade e a uni\u00e3o entre os profissionais de sa\u00fade s\u00e3o fundamentais para apoiarmos os atendimentos no RS, nesse momento de dificuldade. Estamos honrados em poder contribuir com a For\u00e7a Nacional do SUS e acreditamos que os nossos enfermeiros far\u00e3o a diferen\u00e7a nessa miss\u00e3o&#8221;, afirma.<\/p>\n\n\n\n<p><strong>Profissionais selecionados<\/strong><\/p>\n\n\n\n<p>Os enfermeiros do Cirurgia selecionados para a For\u00e7a Nacional passaram por um processo de avalia\u00e7\u00e3o, que considerou suas habilidades t\u00e9cnicas e experi\u00eancia em situa\u00e7\u00f5es de alta press\u00e3o. A expectativa \u00e9 de que a equipe permane\u00e7a em Canoas durante o tempo necess\u00e1rio para estabilizar a situa\u00e7\u00e3o no RS e garantir a continuidade dos cuidados entre os pr\u00f3prios profissionais do Estado.<\/p>\n\n\n\n<p>Atuante em Unidades de Terapia Intensiva do Cirurgia, com experi\u00eancia de prestar assist\u00eancia a diversos pacientes na \u00e9poca da pandemia da Covid-19, a enfermeira <strong>Ana Carolina Santos Santana \u00e9 um dos profissionais do HC que integra a equipe da For\u00e7a Nacional.<\/strong><\/p>\n\n\n\n<p>\u201cEstou muito feliz e orgulhosa de poder estar levando o que aprendo e coloco em pr\u00e1tica diariamente no Cirurgia para os nossos irm\u00e3os do Rio Grande do Sul. Me sinto muito honrada pela oportunidade. Agrade\u00e7o \u00e0 Dire\u00e7\u00e3o e \u00e0 Coordena\u00e7\u00e3o de Enfermagem do hospital por confiar em mim. Podem ter certeza que irei desempenhar o meu melhor papel\u201d, relata a <strong>enfermeira Ana Carolina, 44 anos.<\/strong><\/p>\n\n\n\n<p>Integrante da equipe do HC, o<strong> enfermeiro Airton Oliveira Passos Junior, 25 anos<\/strong>, afirma que se voluntariou para atuar no RS ao ver o sofrimento que o povo ga\u00facho est\u00e1 passando. \u201cRecebi a proposta do hospital e decidi ingressar nesta causa para ajudar ao pr\u00f3ximo, baseado nos valores que o Cirurgia me ensinou, que \u00e9 prestar o melhor e mais eficaz atendimento aqueles que precisam\u201d, informa.<\/p>\n\n\n\n<p><strong><em>A<strong><em>companhe tamb\u00e9m o SE Not\u00edcias no\u00a0<a rel=\"noreferrer noopener\" href=\"https:\/\/www.instagram.com\/senoticias\/\" target=\"_blank\">Instagram<\/a><\/em><\/strong><\/em><\/strong>,\u00a0<strong><em><strong><em>\u00a0<a rel=\"noreferrer noopener\" href=\"https:\/\/www.facebook.com\/senoticias1\" target=\"_blank\">Facebook<\/a>\u00a0e<\/em><\/strong>\u00a0no<\/em>\u00a0<em><a href=\"https:\/\/twitter.com\/Senoticias\">X<\/a><\/em><\/strong><\/p>\n\n\n\n<p><em>Da Assessoria de Imprensa<\/em><\/p>\n","protected":false},"excerpt":{"rendered":"<p>Solid\u00e1rio \u00e0 trag\u00e9dia das chuvas que assolam o Rio Grande do Sul, o Hospital de Cirurgia (HC) liberou cinco profissionais da enfermagem de sua equipe para integrar a a\u00e7\u00e3o da For\u00e7a Nacional do Sistema \u00danico de Sa\u00fade (SUS), programa liderado pelo Minist\u00e9rio da Sa\u00fade, no RS. Inicialmente, os profissionais de sa\u00fade do HC foram designados [&hellip;]<\/p>\n","protected":false},"author":6557,"featured_media":0,"comment_status":"closed","ping_status":"closed","sticky":false,"template":"","format":"standard","meta":{"footnotes":""},"categories":[15,6],"tags":[41641,38557,41609],"class_list":{"0":"post-142424","1":"post","2":"type-post","3":"status-publish","4":"format-standard","6":"category-destaques","7":"category-politica","8":"tag-enfermeiros-do-hospital-de-cirurgia","9":"tag-forca-nacional-do-sus","10":"tag-tragedia-no-rio-grande-do-sul"},"_links":{"self":[{"href":"https:\/\/senoticias.com.br\/se\/wp-json\/wp\/v2\/posts\/142424"}],"collection":[{"href":"https:\/\/senoticias.com.br\/se\/wp-json\/wp\/v2\/posts"}],"about":[{"href":"https:\/\/senoticias.com.br\/se\/wp-json\/wp\/v2\/types\/post"}],"author":[{"embeddable":true,"href":"https:\/\/senoticias.com.br\/se\/wp-json\/wp\/v2\/users\/6557"}],"replies":[{"embeddable":true,"href":"https:\/\/senoticias.com.br\/se\/wp-json\/wp\/v2\/comments?post=142424"}],"version-history":[{"count":0,"href":"https:\/\/senoticias.com.br\/se\/wp-json\/wp\/v2\/posts\/142424\/revisions"}],"wp:attachment":[{"href":"https:\/\/senoticias.com.br\/se\/wp-json\/wp\/v2\/media?parent=142424"}],"wp:term":[{"taxonomy":"category","embeddable":true,"href":"https:\/\/senoticias.com.br\/se\/wp-json\/wp\/v2\/categories?post=142424"},{"taxonomy":"post_tag","embeddable":true,"href":"https:\/\/senoticias.com.br\/se\/wp-json\/wp\/v2\/tags?post=142424"}],"curies":[{"name":"wp","href":"https:\/\/api.w.org\/{rel}","templated":true}]}}