{"id":142398,"date":"2024-05-15T09:41:44","date_gmt":"2024-05-15T12:41:44","guid":{"rendered":"https:\/\/senoticias.com.br\/se\/?p=142398"},"modified":"2024-05-15T09:42:08","modified_gmt":"2024-05-15T12:42:08","slug":"na-zona-norte-yandra-moura-lanca-pre-candidatura-a-prefeitura-de-aracaju","status":"publish","type":"post","link":"https:\/\/senoticias.com.br\/se\/na-zona-norte-yandra-moura-lanca-pre-candidatura-a-prefeitura-de-aracaju\/","title":{"rendered":"Na Zona Norte, Yandra Moura lan\u00e7a pr\u00e9-candidatura a Prefeitura de Aracaju"},"content":{"rendered":"\n<p>Na pr\u00f3xima sexta-feira, 17, acontece o lan\u00e7amento da pr\u00e9-candidatura da deputada federal Yandra Moura \u00e0 prefeitura de Aracaju. O evento ser\u00e1 no Col\u00e9gio Bom Pastor, no Bairro 18 do Forte, Zona Norte da capital e marca um novo cap\u00edtulo na pol\u00edtica sergipana, refletindo um anseio que partiu da sociedade, atrav\u00e9s dos diversos di\u00e1logos promovidos pelo Projeto \u2018Novos Caminhos para Aracaju\u2019.<\/p>\n\n\n\n<figure class=\"wp-block-image size-large\"><img loading=\"lazy\" decoding=\"async\" width=\"581\" height=\"460\" src=\"https:\/\/senoticias.com.br\/se\/wp-content\/uploads\/2024\/05\/yandra-senoticias.jpeg\" alt=\"\" class=\"wp-image-142399\" srcset=\"https:\/\/senoticias.com.br\/se\/wp-content\/uploads\/2024\/05\/yandra-senoticias.jpeg 581w, https:\/\/senoticias.com.br\/se\/wp-content\/uploads\/2024\/05\/yandra-senoticias-300x238.jpeg 300w, https:\/\/senoticias.com.br\/se\/wp-content\/uploads\/2024\/05\/yandra-senoticias-45x35.jpeg 45w\" sizes=\"(max-width: 581px) 100vw, 581px\" \/><\/figure>\n\n\n\n<p>Yandra traz vigor e renova\u00e7\u00e3o, defendendo a maior participa\u00e7\u00e3o das mulheres na pol\u00edtica. Em seu primeiro ano de mandato na C\u00e2mara dos Deputados, Yandra alcan\u00e7ou importantes conquistas, conseguiu aprovar quatro Projetos de Lei no Plen\u00e1rio, feito jamais alcan\u00e7ado por outro parlamentar na hist\u00f3ria, \u00e9 vice-l\u00edder do Uni\u00e3o Brasil na C\u00e2mara, e foi eleita coordenadora do Observat\u00f3rio Nacional da Mulher na Pol\u00edtica e membro do Parlasul.<\/p>\n\n\n\n<p>A escolha pela Zona Norte para o lan\u00e7amento da pr\u00e9-candidatura quebra paradigmas e demonstra o afeto e carinho que Yandra tem pelas comunidades mais carentes. \u201cO lan\u00e7amento da nossa pr\u00e9-candidatura representa muito para nossa cidade, que nunca elegeu uma mulher. Me preparei bastante para este momento, estudei a cidade, ouvi as pessoas de cada bairro da nossa capital e conhe\u00e7o de perto os principais anseios delas\u201d, afirmou Yandra.<\/p>\n\n\n\n<p>O evento tamb\u00e9m marca o lan\u00e7amento oficial das 162 pr\u00e9-candidaturas a vereador dos partidos que comp\u00f5em o projeto at\u00e9 o momento. S\u00e3o eles: Uni\u00e3o Brasil, Podemos, PRD, Mobiliza, DC e Avante. Est\u00e1 garantida a presen\u00e7a do presidente nacional do Uni\u00e3o Brasil, Ant\u00f4nio Rueda, do l\u00edder do Uni\u00e3o na C\u00e2mara, do deputado federal Elmar Nascimento, da presidente nacional do Podemos, Renata Abreu, e diversas outras lideran\u00e7as que apoiar\u00e3o Yandra Moura em sua jornada rumo \u00e0 prefeitura de Aracaju.<\/p>\n\n\n\n<p><strong>O qu\u00ea:<\/strong> Lan\u00e7amento da pr\u00e9-candidatura de Yandra Moura para a Prefeitura de Aracaju.<br><strong>Onde<\/strong>: Col\u00e9gio Bom Pastor, rua Monte Castelo, 446. Bairro 18 do Forte \u2013 Aracaju.<br><strong>Hor\u00e1rio:<\/strong> 18h30.<br><strong>Contato:<\/strong> (79) 99979-7710 \u2013 Wandycler.<\/p>\n\n\n\n<p><strong><em>A<strong><em>companhe tamb\u00e9m o SE Not\u00edcias no&nbsp;<a rel=\"noreferrer noopener\" href=\"https:\/\/www.instagram.com\/senoticias\/\" target=\"_blank\">Instagram<\/a><\/em><\/strong><\/em><\/strong>,&nbsp;<strong><em><strong><em>&nbsp;<a rel=\"noreferrer noopener\" href=\"https:\/\/www.facebook.com\/senoticias1\" target=\"_blank\">Facebook<\/a>&nbsp;e<\/em><\/strong><\/em><\/strong><strong><em>no<\/em>&nbsp;<em><a href=\"https:\/\/twitter.com\/Senoticias\">X<\/a><\/em><\/strong><\/p>\n\n\n\n<p>Fonte:Assessoria de Comunica\u00e7\u00e3o<br>Yandra Moura &#8211; Deputada Federal<\/p>\n","protected":false},"excerpt":{"rendered":"<p>Na pr\u00f3xima sexta-feira, 17, acontece o lan\u00e7amento da pr\u00e9-candidatura da deputada federal Yandra Moura \u00e0 prefeitura de Aracaju. O evento ser\u00e1 no Col\u00e9gio Bom Pastor, no Bairro 18 do Forte, Zona Norte da capital e marca um novo cap\u00edtulo na pol\u00edtica sergipana, refletindo um anseio que partiu da sociedade, atrav\u00e9s dos diversos di\u00e1logos promovidos pelo [&hellip;]<\/p>\n","protected":false},"author":6557,"featured_media":0,"comment_status":"closed","ping_status":"closed","sticky":false,"template":"","format":"standard","meta":{"footnotes":""},"categories":[15,6],"tags":[41631,37852],"class_list":{"0":"post-142398","1":"post","2":"type-post","3":"status-publish","4":"format-standard","6":"category-destaques","7":"category-politica","8":"tag-pre-candidatura-2","9":"tag-yandra-moura"},"_links":{"self":[{"href":"https:\/\/senoticias.com.br\/se\/wp-json\/wp\/v2\/posts\/142398"}],"collection":[{"href":"https:\/\/senoticias.com.br\/se\/wp-json\/wp\/v2\/posts"}],"about":[{"href":"https:\/\/senoticias.com.br\/se\/wp-json\/wp\/v2\/types\/post"}],"author":[{"embeddable":true,"href":"https:\/\/senoticias.com.br\/se\/wp-json\/wp\/v2\/users\/6557"}],"replies":[{"embeddable":true,"href":"https:\/\/senoticias.com.br\/se\/wp-json\/wp\/v2\/comments?post=142398"}],"version-history":[{"count":0,"href":"https:\/\/senoticias.com.br\/se\/wp-json\/wp\/v2\/posts\/142398\/revisions"}],"wp:attachment":[{"href":"https:\/\/senoticias.com.br\/se\/wp-json\/wp\/v2\/media?parent=142398"}],"wp:term":[{"taxonomy":"category","embeddable":true,"href":"https:\/\/senoticias.com.br\/se\/wp-json\/wp\/v2\/categories?post=142398"},{"taxonomy":"post_tag","embeddable":true,"href":"https:\/\/senoticias.com.br\/se\/wp-json\/wp\/v2\/tags?post=142398"}],"curies":[{"name":"wp","href":"https:\/\/api.w.org\/{rel}","templated":true}]}}