{"id":142384,"date":"2024-05-14T17:53:09","date_gmt":"2024-05-14T20:53:09","guid":{"rendered":"https:\/\/senoticias.com.br\/se\/?p=142384"},"modified":"2024-05-14T17:58:44","modified_gmt":"2024-05-14T20:58:44","slug":"prefeito-edvaldo-anuncia-425-vagas-para-concurso-do-magisterio-municipal-de-aracaju","status":"publish","type":"post","link":"https:\/\/senoticias.com.br\/se\/prefeito-edvaldo-anuncia-425-vagas-para-concurso-do-magisterio-municipal-de-aracaju\/","title":{"rendered":"Prefeito Edvaldo anuncia 425 vagas para concurso do magist\u00e9rio municipal de Aracaju"},"content":{"rendered":"\n<p><\/p>\n\n\n\n<p>O prefeito Edvaldo Nogueira anunciou nesta ter\u00e7a-feira, 14, o quantitativo de vagas para o pr\u00f3ximo concurso p\u00fablico para o magist\u00e9rio municipal, que ser\u00e1 realizado ainda este ano. De acordo com o gestor da capital, o certamente ofertar\u00e1 425 vagas, al\u00e9m de cadastro reserva, um avan\u00e7o significativo na estrutura educacional da rede municipal.<\/p>\n\n\n\n<figure class=\"wp-block-image size-large\"><img loading=\"lazy\" decoding=\"async\" width=\"559\" height=\"409\" src=\"https:\/\/senoticias.com.br\/se\/wp-content\/uploads\/2024\/05\/Prefeito-edvaldo-SE-Noticias.jpg\" alt=\"\" class=\"wp-image-142385\" srcset=\"https:\/\/senoticias.com.br\/se\/wp-content\/uploads\/2024\/05\/Prefeito-edvaldo-SE-Noticias.jpg 559w, https:\/\/senoticias.com.br\/se\/wp-content\/uploads\/2024\/05\/Prefeito-edvaldo-SE-Noticias-300x219.jpg 300w, https:\/\/senoticias.com.br\/se\/wp-content\/uploads\/2024\/05\/Prefeito-edvaldo-SE-Noticias-278x202.jpg 278w\" sizes=\"(max-width: 559px) 100vw, 559px\" \/><figcaption>Prefeito Edvaldo Nogueira autoriza concurso p\u00fablico para o magist\u00e9rio &#8211; Foto: Arthur DAvila\/PMA<\/figcaption><\/figure>\n\n\n\n<p>Do total de vagas dispon\u00edveis, 359 ser\u00e3o destinadas a licenciados em pedagogia, que atuar\u00e3o tanto na educa\u00e7\u00e3o infantil quanto nos anos iniciais do ensino fundamental, e as 66 vagas restantes abrangem diversas \u00e1reas da educa\u00e7\u00e3o b\u00e1sica do ensino fundamental, incluindo l\u00edngua portuguesa, matem\u00e1tica, hist\u00f3ria, geografia, artes, entre outras.<\/p>\n\n\n\n<p>Para o prefeito, esse concurso p\u00fablico representa o cumprimento de mais um compromisso assumido junto \u00e0 popula\u00e7\u00e3o e o avan\u00e7o das a\u00e7\u00f5es de qualifica\u00e7\u00e3o da educa\u00e7\u00e3o em Aracaju, com o fortalecimento do corpo docente nas escolas municipais. Ele tamb\u00e9m frisou que a comiss\u00e3o designada para realiza\u00e7\u00e3o do concurso j\u00e1 est\u00e1 autorizada a buscar a organizadora do certame e, em breve, publicar\u00e1 o edital de abertura.<\/p>\n\n\n\n<p>\u201cPublicamos decreto autorizando o concurso p\u00fablico para o magist\u00e9rio, ficou de definir um termo de refer\u00eancia, que j\u00e1 est\u00e1 pronto e, agora, estou autorizando a quantidade de vagas. Ser\u00e3o 425 vagas, al\u00e9m de cadastro reserva. Com isso, a gente coloca o n\u00famero de professores conforme a legisla\u00e7\u00e3o. A partir de hoje avan\u00e7amos mais um passo para contratar a empresa que far\u00e1 o concurso&#8221;, destacou o prefeito.<\/p>\n\n\n\n<p>O secret\u00e1rio municipal da Educa\u00e7\u00e3o, Ricardo Abreu, expressou sua satisfa\u00e7\u00e3o com o an\u00fancio, destacando a import\u00e2ncia da not\u00edcia para os profissionais da \u00e1rea. &#8220;Uma grande not\u00edcia. Voc\u00ea que \u00e9 licenciado em pedagogia, ou em uma das \u00e1reas do curr\u00edculo da educa\u00e7\u00e3o b\u00e1sica, prepare-se porque estamos na imin\u00eancia de anunciar a pr\u00f3xima fase\u201d, afirmou.<\/p>\n\n\n\n<p>O secret\u00e1rio tamb\u00e9m enfatizou que o concurso complementa os investimentos substanciais na infraestrutura das escolas, como reformas e constru\u00e7\u00e3o, destacando ainda investimentos como o do pacote Escola Tech, que moderniza as institui\u00e7\u00f5es de ensino com tecnologias educacionais como c\u00e2meras de reconhecimento facial, entrega de notebooks aos alunos e pain\u00e9is interativos nas salas de aula, dentre outros.<\/p>\n\n\n\n<p><strong><em>A<strong><em>companhe tamb\u00e9m o SE Not\u00edcias no\u00a0<a rel=\"noreferrer noopener\" href=\"https:\/\/www.instagram.com\/senoticias\/\" target=\"_blank\">Instagram<\/a><\/em><\/strong><\/em><\/strong>,\u00a0<strong><em><strong><em>\u00a0<a rel=\"noreferrer noopener\" href=\"https:\/\/www.facebook.com\/senoticias1\" target=\"_blank\">Facebook<\/a>\u00a0e<\/em><\/strong><\/em><\/strong>\u00a0<strong><em>no<\/em>\u00a0<em><a href=\"https:\/\/twitter.com\/Senoticias\">X<\/a><\/em><\/strong><\/p>\n\n\n\n<p><em>Fonte: Ag\u00eancia Aracaju de Not\u00edcias<\/em><\/p>\n","protected":false},"excerpt":{"rendered":"<p>O prefeito Edvaldo Nogueira anunciou nesta ter\u00e7a-feira, 14, o quantitativo de vagas para o pr\u00f3ximo concurso p\u00fablico para o magist\u00e9rio municipal, que ser\u00e1 realizado ainda este ano. De acordo com o gestor da capital, o certamente ofertar\u00e1 425 vagas, al\u00e9m de cadastro reserva, um avan\u00e7o significativo na estrutura educacional da rede municipal. Do total de [&hellip;]<\/p>\n","protected":false},"author":6557,"featured_media":0,"comment_status":"closed","ping_status":"closed","sticky":false,"template":"","format":"standard","meta":{"footnotes":""},"categories":[15,6],"tags":[12922,41626,5167,213],"class_list":{"0":"post-142384","1":"post","2":"type-post","3":"status-publish","4":"format-standard","6":"category-destaques","7":"category-politica","8":"tag-concurso-do-magisterio","9":"tag-magisterio-municipal","10":"tag-prefeito-edvaldo","11":"tag-prefeitura-de-aracaju"},"_links":{"self":[{"href":"https:\/\/senoticias.com.br\/se\/wp-json\/wp\/v2\/posts\/142384"}],"collection":[{"href":"https:\/\/senoticias.com.br\/se\/wp-json\/wp\/v2\/posts"}],"about":[{"href":"https:\/\/senoticias.com.br\/se\/wp-json\/wp\/v2\/types\/post"}],"author":[{"embeddable":true,"href":"https:\/\/senoticias.com.br\/se\/wp-json\/wp\/v2\/users\/6557"}],"replies":[{"embeddable":true,"href":"https:\/\/senoticias.com.br\/se\/wp-json\/wp\/v2\/comments?post=142384"}],"version-history":[{"count":0,"href":"https:\/\/senoticias.com.br\/se\/wp-json\/wp\/v2\/posts\/142384\/revisions"}],"wp:attachment":[{"href":"https:\/\/senoticias.com.br\/se\/wp-json\/wp\/v2\/media?parent=142384"}],"wp:term":[{"taxonomy":"category","embeddable":true,"href":"https:\/\/senoticias.com.br\/se\/wp-json\/wp\/v2\/categories?post=142384"},{"taxonomy":"post_tag","embeddable":true,"href":"https:\/\/senoticias.com.br\/se\/wp-json\/wp\/v2\/tags?post=142384"}],"curies":[{"name":"wp","href":"https:\/\/api.w.org\/{rel}","templated":true}]}}