{"id":142342,"date":"2024-05-12T17:41:24","date_gmt":"2024-05-12T20:41:24","guid":{"rendered":"https:\/\/senoticias.com.br\/se\/?p=142342"},"modified":"2024-05-12T17:42:11","modified_gmt":"2024-05-12T20:42:11","slug":"zezinho-sobral-assume-governo-interinamente-apos-viagem-do-governador","status":"publish","type":"post","link":"https:\/\/senoticias.com.br\/se\/zezinho-sobral-assume-governo-interinamente-apos-viagem-do-governador\/","title":{"rendered":"Zezinho Sobral assume Governo interinamente ap\u00f3s viagem do governador"},"content":{"rendered":"\n<p>O governador F\u00e1bio Mitidieri assinou neste s\u00e1bado, 11, a transmiss\u00e3o de cargo para o vice-governador e secret\u00e1rio de Estado da Educa\u00e7\u00e3o, Zezinho Sobral. Mitidieri se<strong> ausentar\u00e1 do estado de 12 a 18 de maio<\/strong>, para cumprir agenda da II Miss\u00e3o Internacional do Cons\u00f3rcio Nordeste, entidade jur\u00eddica formada pelos nove estados nordestinos, criada para discutir pautas ambientais e clim\u00e1ticas cruciais para o desenvolvimento sustent\u00e1vel da regi\u00e3o. <strong>Mitidieri reassume dia 20 de maio<\/strong>.<\/p>\n\n\n\n<figure class=\"wp-block-image size-large\"><img loading=\"lazy\" decoding=\"async\" width=\"550\" height=\"305\" src=\"https:\/\/senoticias.com.br\/se\/wp-content\/uploads\/2024\/05\/Fabio-e-Zezinho-SE-Noticias.jpeg\" alt=\"\" class=\"wp-image-142343\" srcset=\"https:\/\/senoticias.com.br\/se\/wp-content\/uploads\/2024\/05\/Fabio-e-Zezinho-SE-Noticias.jpeg 550w, https:\/\/senoticias.com.br\/se\/wp-content\/uploads\/2024\/05\/Fabio-e-Zezinho-SE-Noticias-300x166.jpeg 300w\" sizes=\"(max-width: 550px) 100vw, 550px\" \/><figcaption>Mitidieri transmite cargo para o vice-governador Zezinho Sobral &#8211; Foto: Arthur Soares\/ASN<\/figcaption><\/figure>\n\n\n\n<p>A pauta ambiental tem sido recorrente no Cons\u00f3rcio Nordeste. Em setembro de 2023, os governadores nordestinos assinaram parceria com o Banco Mundial para avan\u00e7o na cadeia produtiva do hidrog\u00eanio verde com objetivo de criar cadeias de valor e um polo de hidrog\u00eanio, consolidando a regi\u00e3o como centro de economia sustent\u00e1vel.<\/p>\n\n\n\n<p><strong>Transi\u00e7\u00e3o Energ\u00e9tica<\/strong><\/p>\n\n\n\n<p>De acordo com o Minist\u00e9rio de Minas e Energia, a transi\u00e7\u00e3o energ\u00e9tica \u00e9 um conjunto de pol\u00edticas fundamentais para o setor energ\u00e9tico e para o desenvolvimento socioecon\u00f4mico do pa\u00eds. A tem\u00e1tica se mostra fundamental em meio \u00e0s mudan\u00e7as clim\u00e1ticas que tanto afetam a estabilidade ambiental.<br>Para tanto, a transi\u00e7\u00e3o equivale a uma transforma\u00e7\u00e3o na matriz energ\u00e9tica, visando diminuir a participa\u00e7\u00e3o de fontes f\u00f3sseis em suas matrizes, bem como promover a\u00e7\u00f5es para aumentar a efici\u00eancia energ\u00e9tica, o armazenamento de energia e estimular fontes que n\u00e3o emitam gases de efeito estufa (GEE) na sua opera\u00e7\u00e3o.<\/p>\n\n\n\n<p><strong>Potencial de Sergipe<\/strong><\/p>\n\n\n\n<p>O estado apresenta grande potencial de transi\u00e7\u00e3o energ\u00e9tica, com sua abund\u00e2ncia em \u00e1gua doce, rota de transporte eficiente e direto para a Europa e Am\u00e9rica (sem canais, estreitos ou saqueadores), Zona de Processamento de Exporta\u00e7\u00e3o (ZPE) sem imposto de importa\u00e7\u00e3o de 40% sobre equipamentos, infraestrutura portu\u00e1ria adequada, aus\u00eancia de desastres naturais (terremotos, tsunamis, erup\u00e7\u00f5es, etc), possibilidade de ser acionista e dar contrapartidas, linhas de cr\u00e9dito a juros baixos e capacidade de produ\u00e7\u00e3o de biocombust\u00edveis diversos (mandioca; coco; pinh\u00e3o-manso milho; miscanto; dend\u00ea; sorgo; cana-de-a\u00e7\u00facar; girassol; amendoim).<\/p>\n\n\n\n<p><strong><em>A<strong><em>companhe tamb\u00e9m o SE Not\u00edcias no\u00a0<a rel=\"noreferrer noopener\" href=\"https:\/\/www.instagram.com\/senoticias\/\" target=\"_blank\">Instagram<\/a><\/em><\/strong><\/em><\/strong>,\u00a0<strong><em><strong><em>\u00a0<a rel=\"noreferrer noopener\" href=\"https:\/\/www.facebook.com\/senoticias1\" target=\"_blank\">Facebook<\/a>\u00a0e<\/em><\/strong><\/em><\/strong>\u00a0<strong><em>no<\/em>\u00a0<em><a href=\"https:\/\/twitter.com\/Senoticias\">X<\/a><\/em><\/strong><\/p>\n\n\n\n<p>Fonte: Ag\u00eancia Sergipe de Not\u00edcias<\/p>\n","protected":false},"excerpt":{"rendered":"<p>O governador F\u00e1bio Mitidieri assinou neste s\u00e1bado, 11, a transmiss\u00e3o de cargo para o vice-governador e secret\u00e1rio de Estado da Educa\u00e7\u00e3o, Zezinho Sobral. Mitidieri se ausentar\u00e1 do estado de 12 a 18 de maio, para cumprir agenda da II Miss\u00e3o Internacional do Cons\u00f3rcio Nordeste, entidade jur\u00eddica formada pelos nove estados nordestinos, criada para discutir pautas [&hellip;]<\/p>\n","protected":false},"author":6557,"featured_media":0,"comment_status":"closed","ping_status":"closed","sticky":false,"template":"","format":"standard","meta":{"footnotes":""},"categories":[15,6],"tags":[37862,41595,6796],"class_list":{"0":"post-142342","1":"post","2":"type-post","3":"status-publish","4":"format-standard","6":"category-destaques","7":"category-politica","8":"tag-governador-fabio-mitidieri","9":"tag-vice-governador-2","10":"tag-zezinho-sobral"},"_links":{"self":[{"href":"https:\/\/senoticias.com.br\/se\/wp-json\/wp\/v2\/posts\/142342"}],"collection":[{"href":"https:\/\/senoticias.com.br\/se\/wp-json\/wp\/v2\/posts"}],"about":[{"href":"https:\/\/senoticias.com.br\/se\/wp-json\/wp\/v2\/types\/post"}],"author":[{"embeddable":true,"href":"https:\/\/senoticias.com.br\/se\/wp-json\/wp\/v2\/users\/6557"}],"replies":[{"embeddable":true,"href":"https:\/\/senoticias.com.br\/se\/wp-json\/wp\/v2\/comments?post=142342"}],"version-history":[{"count":0,"href":"https:\/\/senoticias.com.br\/se\/wp-json\/wp\/v2\/posts\/142342\/revisions"}],"wp:attachment":[{"href":"https:\/\/senoticias.com.br\/se\/wp-json\/wp\/v2\/media?parent=142342"}],"wp:term":[{"taxonomy":"category","embeddable":true,"href":"https:\/\/senoticias.com.br\/se\/wp-json\/wp\/v2\/categories?post=142342"},{"taxonomy":"post_tag","embeddable":true,"href":"https:\/\/senoticias.com.br\/se\/wp-json\/wp\/v2\/tags?post=142342"}],"curies":[{"name":"wp","href":"https:\/\/api.w.org\/{rel}","templated":true}]}}