{"id":142298,"date":"2024-05-08T18:22:44","date_gmt":"2024-05-08T21:22:44","guid":{"rendered":"https:\/\/senoticias.com.br\/se\/?p=142298"},"modified":"2024-05-08T18:22:49","modified_gmt":"2024-05-08T21:22:49","slug":"senado-aprova-recriacao-do-seguro-obrigatorio-para-acidentes-de-transito","status":"publish","type":"post","link":"https:\/\/senoticias.com.br\/se\/senado-aprova-recriacao-do-seguro-obrigatorio-para-acidentes-de-transito\/","title":{"rendered":"Senado aprova recria\u00e7\u00e3o do seguro obrigat\u00f3rio para acidentes de tr\u00e2nsito"},"content":{"rendered":"\n<p><\/p>\n\n\n\n<p>O Senado aprovou nesta quarta-feira, 8, por 41 votos a 28, o texto-base do projeto que recria o seguro obrigat\u00f3rio para acidentes de tr\u00e2nsito, o DPVAT. A contrata\u00e7\u00e3o do seguro, que at\u00e9 ent\u00e3o \u00e9 facultativa, voltar\u00e1 a ser obrigat\u00f3ria para todos os propriet\u00e1rios de ve\u00edculos automotores, ou seja, carros, motos, \u00f4nibus e caminh\u00f5es.<\/p>\n\n\n\n<p>Como n\u00e3o passou por mudan\u00e7as em rela\u00e7\u00e3o ao que foi aprovado pelos deputados, o projeto ser\u00e1 enviado enviado para a san\u00e7\u00e3o ou veto do presidente Luiz In\u00e1cio Lula da Silva ap\u00f3s a vota\u00e7\u00e3o dos destaques.<\/p>\n\n\n\n<figure class=\"wp-block-image size-large\"><img loading=\"lazy\" decoding=\"async\" width=\"580\" height=\"388\" src=\"https:\/\/senoticias.com.br\/se\/wp-content\/uploads\/2017\/01\/Vendas-de-carros-SE-Noticias.jpg\" alt=\"\" class=\"wp-image-99189\" srcset=\"https:\/\/senoticias.com.br\/se\/wp-content\/uploads\/2017\/01\/Vendas-de-carros-SE-Noticias.jpg 580w, https:\/\/senoticias.com.br\/se\/wp-content\/uploads\/2017\/01\/Vendas-de-carros-SE-Noticias-300x201.jpg 300w, https:\/\/senoticias.com.br\/se\/wp-content\/uploads\/2017\/01\/Vendas-de-carros-SE-Noticias-90x60.jpg 90w, https:\/\/senoticias.com.br\/se\/wp-content\/uploads\/2017\/01\/Vendas-de-carros-SE-Noticias-180x120.jpg 180w, https:\/\/senoticias.com.br\/se\/wp-content\/uploads\/2017\/01\/Vendas-de-carros-SE-Noticias-95x64.jpg 95w\" sizes=\"(max-width: 580px) 100vw, 580px\" \/><figcaption>\nValor do seguro ficar\u00e1 entre R$ 50,00 a R$ 60,00 &#8211; Arquivo\/Ag\u00eancia Brasil\/EBC<\/figcaption><\/figure>\n\n\n\n<p>O valor do seguro ficar\u00e1 entre&nbsp;R$ 50,00 a R$ 60,00, de acordo com o l\u00edder do governo na Casa, Jaques Wagner (PT-BA), que foi o relator do texto que seguir\u00e1 para san\u00e7\u00e3o presidencial. O seguro come\u00e7a a ser cobrado em 2025. O n\u00e3o pagamento do SPVAT resultar\u00e1 em penalidade no C\u00f3digo de Tr\u00e2nsito Brasileiro, equivalente a uma multa por infra\u00e7\u00e3o grave, hoje de R$ 195,23.<\/p>\n\n\n\n<p>At\u00e9 2020, a cobran\u00e7a do DPVAT acontecia todo in\u00edcio de ano, no m\u00eas de janeiro. O valor da contribui\u00e7\u00e3o variava de acordo com o tipo de ve\u00edculo.\u00a0A\u00a0Caixa Econ\u00f4mica Federal, que vai operar o seguro, e os departamentos de tr\u00e2nsito estaduais poder\u00e3o firmar conv\u00eanios para que o pagamento do SPVAT seja feito juntamente com a taxa de licenciamento anual do ve\u00edculo.\u00a0<\/p>\n\n\n\n<p><strong>Confira abaixo mais detalhes sobre o seguro\u00a0<\/strong><\/p>\n\n\n\n<p>O DPVAT (Danos Pessoais por Ve\u00edculos Automotores Terrestres), conhecido como seguro obrigat\u00f3rio de ve\u00edculos terrestres, parou de ser cobrado em 2020, durante a gest\u00e3o de Jair Bolsonaro (PL). Desde 2021, a Caixa opera de forma emergencial o seguro ap\u00f3s a dissolu\u00e7\u00e3o do cons\u00f3rcio de seguradoras privadas que administrava o DPVAT. No fim do ano passado, por\u00e9m, o banco suspendeu o pagamento pelo esgotamento dos recursos arrecadados.<\/p>\n\n\n\n<p>O projeto do governo mant\u00e9m a Caixa na opera\u00e7\u00e3o do seguro e a C\u00e2mara dos Deputados ampliou o rol de despesas cobertas.&nbsp;O rol passa a contemplar assist\u00eancia m\u00e9dica e suplementar, como fisioterapia, medicamentos, equipamentos ortop\u00e9dicos, \u00f3rteses e pr\u00f3teses.<\/p>\n\n\n\n<p>Tamb\u00e9m passam a ser pagos servi\u00e7os funer\u00e1rios e despesas com a reabilita\u00e7\u00e3o profissional de v\u00edtimas que ficarem parcialmente inv\u00e1lidas. Os deputados inclu\u00edram ainda a possibilidade de pedidos de indeniza\u00e7\u00e3o e assinatura de documentos por meio eletr\u00f4nico.<\/p>\n\n\n\n<p><strong>Prazo de pagamento<\/strong><\/p>\n\n\n\n<p>O pagamento da indeniza\u00e7\u00e3o do SPVAT ser\u00e1 feito com prova simples do acidente e do dano decorrente, independentemente da exist\u00eancia de culpa ou dolo e ainda que no acidente estejam envolvidos ve\u00edculos n\u00e3o identificados ou inadimplentes com o seguro.<\/p>\n\n\n\n<p>A Caixa ter\u00e1 30 dias para fazer o pagamento em conta corrente, de pagamento, de poupan\u00e7a ou de poupan\u00e7a social de titularidade da v\u00edtima ou do benefici\u00e1rio. Caso haja atraso no pagamento, ele ser\u00e1 reajustado pelo \u00cdndice Nacional de Pre\u00e7os ao Consumidor Amplo (IPCA) e por juros morat\u00f3rios fixados pelo CNSP.<\/p>\n\n\n\n<p>No caso de morte, caso n\u00e3o seja comprovado o nexo de causa e efeito entre a morte e o acidente apenas com a certid\u00e3o de \u00f3bito, o interessado dever\u00e1 apresentar certid\u00e3o da aut\u00f3psia emitida pelo Instituto M\u00e9dico Legal (IML), mesmo sem que ela tenha sido requisitada pela autoridade policial.<\/p>\n\n\n\n<p><strong><em>A<strong><em>companhe tamb\u00e9m o SE Not\u00edcias no\u00a0<a rel=\"noreferrer noopener\" href=\"https:\/\/www.instagram.com\/senoticias\/\" target=\"_blank\">Instagram<\/a><\/em><\/strong><\/em><\/strong>,\u00a0<strong><em><strong><em>\u00a0<a rel=\"noreferrer noopener\" href=\"https:\/\/www.facebook.com\/senoticias1\" target=\"_blank\">Facebook<\/a>\u00a0e<\/em><\/strong><\/em><\/strong>\u00a0<strong><em>no<\/em>\u00a0<em><a href=\"https:\/\/twitter.com\/Senoticias\">X<\/a><\/em><\/strong><\/p>\n\n\n\n<p>Fonte: Portal Terra<\/p>\n","protected":false},"excerpt":{"rendered":"<p>O Senado aprovou nesta quarta-feira, 8, por 41 votos a 28, o texto-base do projeto que recria o seguro obrigat\u00f3rio para acidentes de tr\u00e2nsito, o DPVAT. A contrata\u00e7\u00e3o do seguro, que at\u00e9 ent\u00e3o \u00e9 facultativa, voltar\u00e1 a ser obrigat\u00f3ria para todos os propriet\u00e1rios de ve\u00edculos automotores, ou seja, carros, motos, \u00f4nibus e caminh\u00f5es. Como n\u00e3o [&hellip;]<\/p>\n","protected":false},"author":6557,"featured_media":0,"comment_status":"closed","ping_status":"closed","sticky":false,"template":"","format":"standard","meta":{"footnotes":""},"categories":[15,6],"tags":[3957,41576],"class_list":{"0":"post-142298","1":"post","2":"type-post","3":"status-publish","4":"format-standard","6":"category-destaques","7":"category-politica","8":"tag-dpvat","9":"tag-seguro-obrigatorio"},"_links":{"self":[{"href":"https:\/\/senoticias.com.br\/se\/wp-json\/wp\/v2\/posts\/142298"}],"collection":[{"href":"https:\/\/senoticias.com.br\/se\/wp-json\/wp\/v2\/posts"}],"about":[{"href":"https:\/\/senoticias.com.br\/se\/wp-json\/wp\/v2\/types\/post"}],"author":[{"embeddable":true,"href":"https:\/\/senoticias.com.br\/se\/wp-json\/wp\/v2\/users\/6557"}],"replies":[{"embeddable":true,"href":"https:\/\/senoticias.com.br\/se\/wp-json\/wp\/v2\/comments?post=142298"}],"version-history":[{"count":0,"href":"https:\/\/senoticias.com.br\/se\/wp-json\/wp\/v2\/posts\/142298\/revisions"}],"wp:attachment":[{"href":"https:\/\/senoticias.com.br\/se\/wp-json\/wp\/v2\/media?parent=142298"}],"wp:term":[{"taxonomy":"category","embeddable":true,"href":"https:\/\/senoticias.com.br\/se\/wp-json\/wp\/v2\/categories?post=142298"},{"taxonomy":"post_tag","embeddable":true,"href":"https:\/\/senoticias.com.br\/se\/wp-json\/wp\/v2\/tags?post=142298"}],"curies":[{"name":"wp","href":"https:\/\/api.w.org\/{rel}","templated":true}]}}