{"id":142296,"date":"2024-05-08T15:01:54","date_gmt":"2024-05-08T18:01:54","guid":{"rendered":"https:\/\/senoticias.com.br\/se\/?p=142296"},"modified":"2024-05-08T15:04:05","modified_gmt":"2024-05-08T18:04:05","slug":"secretaria-da-fazenda-dispensa-nota-fiscal-para-transporte-de-mercadorias-destinadas-as-vitimas-no-rs","status":"publish","type":"post","link":"https:\/\/senoticias.com.br\/se\/secretaria-da-fazenda-dispensa-nota-fiscal-para-transporte-de-mercadorias-destinadas-as-vitimas-no-rs\/","title":{"rendered":"Secretaria da Fazenda dispensa nota fiscal para transporte de mercadorias destinadas \u00e0s v\u00edtimas no RS"},"content":{"rendered":"\n<p>O servi\u00e7o de transporte de mercadorias doadas em todo o pa\u00eds para a assist\u00eancia das v\u00edtimas das enchentes ocorridas no Rio Grande do Sul est\u00e1 dispensado da emiss\u00e3o de nota fiscal. Uma decis\u00e3o do Conselho Nacional de Pol\u00edtica Fazend\u00e1ria (Confaz), que re\u00fane secret\u00e1rios da Fazenda de todo o pa\u00eds, e da Secretaria Especial da Receita Federal publicada na noite dessa ter\u00e7a-feira, 7, liberou a obrigatoriedade do documento.<\/p>\n\n\n\n<figure class=\"wp-block-image size-large\"><img loading=\"lazy\" decoding=\"async\" width=\"595\" height=\"335\" src=\"https:\/\/senoticias.com.br\/se\/wp-content\/uploads\/2024\/05\/SEFAZ-SE-noticias.jpeg\" alt=\"\" class=\"wp-image-142297\" srcset=\"https:\/\/senoticias.com.br\/se\/wp-content\/uploads\/2024\/05\/SEFAZ-SE-noticias.jpeg 595w, https:\/\/senoticias.com.br\/se\/wp-content\/uploads\/2024\/05\/SEFAZ-SE-noticias-300x169.jpeg 300w\" sizes=\"(max-width: 595px) 100vw, 595px\" \/><figcaption>Medida j\u00e1 est\u00e1 em vigor e \u00e9 v\u00e1lida at\u00e9 30 de junho deste ano &#8211; Foto: ascom\/Sefaz<\/figcaption><\/figure>\n\n\n\n<p>A decis\u00e3o contou com voto favor\u00e1vel da Secretaria de Estado da Fazenda de Sergipe. Para ter direito ao benef\u00edcio, \u00e9 necess\u00e1rio que o transporte das mercadorias esteja acompanhado da declara\u00e7\u00e3o de conte\u00fado e seja destinada ao Governo do Estado do Rio Grande do Sul, Defesa Civil do Estado do Rio Grande do Sul e prefeituras ou entidades beneficentes sem fins lucrativos daquele estado.<\/p>\n\n\n\n<p>\u201c\u00c9 importante deixar claro que esses documentos devem ser apresentados pelas empresas que realizar\u00e3o o transporte das mercadorias para o Rio Grande do Sul. Um cidad\u00e3o, por exemplo, que esteja fazendo uma doa\u00e7\u00e3o e deixe os produtos em um ponto de coleta n\u00e3o precisa apresentar qualquer documento, j\u00e1 que ele n\u00e3o ser\u00e1 o respons\u00e1vel por lev\u00e1-los at\u00e9 as v\u00edtimas\u201d, explica o subsecret\u00e1rio da Receita Estadual, Alberto Schetine.<\/p>\n\n\n\n<p>No caso do transporte realizado por empresas que doarem mercadorias pr\u00f3prias, \u00e9 necess\u00e1ria a emiss\u00e3o dos documentos fiscais exigidos pela legisla\u00e7\u00e3o. Por\u00e9m, a opera\u00e7\u00e3o \u00e9 isenta de tributa\u00e7\u00e3o e, para isso, a nota fiscal dever\u00e1 ser emitida utilizando o c\u00f3digo CFOP 6.910, referente \u00e0 remessa em bonifica\u00e7\u00e3o, doa\u00e7\u00e3o ou brinde.<\/p>\n\n\n\n<p>A decis\u00e3o j\u00e1 foi publicada no Di\u00e1rio Oficial da Uni\u00e3o, tem efeito imediato e \u00e9 v\u00e1lida at\u00e9 30 de junho deste ano.<\/p>\n\n\n\n<p><strong><em>A<strong><em>companhe tamb\u00e9m o SE Not\u00edcias no\u00a0<a rel=\"noreferrer noopener\" href=\"https:\/\/www.instagram.com\/senoticias\/\" target=\"_blank\">Instagram<\/a><\/em><\/strong><\/em><\/strong>,\u00a0<strong><em><strong><em>\u00a0<a rel=\"noreferrer noopener\" href=\"https:\/\/www.facebook.com\/senoticias1\" target=\"_blank\">Facebook<\/a>\u00a0e<\/em><\/strong><\/em><\/strong>\u00a0<strong><em>no<\/em>\u00a0<em><a href=\"https:\/\/twitter.com\/Senoticias\">X<\/a><\/em><\/strong><\/p>\n\n\n\n<p>Fonte: ascom\/Sefaz<\/p>\n","protected":false},"excerpt":{"rendered":"<p>O servi\u00e7o de transporte de mercadorias doadas em todo o pa\u00eds para a assist\u00eancia das v\u00edtimas das enchentes ocorridas no Rio Grande do Sul est\u00e1 dispensado da emiss\u00e3o de nota fiscal. Uma decis\u00e3o do Conselho Nacional de Pol\u00edtica Fazend\u00e1ria (Confaz), que re\u00fane secret\u00e1rios da Fazenda de todo o pa\u00eds, e da Secretaria Especial da Receita [&hellip;]<\/p>\n","protected":false},"author":6552,"featured_media":0,"comment_status":"closed","ping_status":"closed","sticky":false,"template":"","format":"standard","meta":{"footnotes":""},"categories":[15,6,1],"tags":[3121,3118,41575,41574],"class_list":{"0":"post-142296","1":"post","2":"type-post","3":"status-publish","4":"format-standard","6":"category-destaques","7":"category-politica","8":"category-sem-categoria","9":"tag-secretaria-da-fazenda","10":"tag-sefaz","11":"tag-temporal-no-rs","12":"tag-vitimas-no-rs"},"_links":{"self":[{"href":"https:\/\/senoticias.com.br\/se\/wp-json\/wp\/v2\/posts\/142296"}],"collection":[{"href":"https:\/\/senoticias.com.br\/se\/wp-json\/wp\/v2\/posts"}],"about":[{"href":"https:\/\/senoticias.com.br\/se\/wp-json\/wp\/v2\/types\/post"}],"author":[{"embeddable":true,"href":"https:\/\/senoticias.com.br\/se\/wp-json\/wp\/v2\/users\/6552"}],"replies":[{"embeddable":true,"href":"https:\/\/senoticias.com.br\/se\/wp-json\/wp\/v2\/comments?post=142296"}],"version-history":[{"count":0,"href":"https:\/\/senoticias.com.br\/se\/wp-json\/wp\/v2\/posts\/142296\/revisions"}],"wp:attachment":[{"href":"https:\/\/senoticias.com.br\/se\/wp-json\/wp\/v2\/media?parent=142296"}],"wp:term":[{"taxonomy":"category","embeddable":true,"href":"https:\/\/senoticias.com.br\/se\/wp-json\/wp\/v2\/categories?post=142296"},{"taxonomy":"post_tag","embeddable":true,"href":"https:\/\/senoticias.com.br\/se\/wp-json\/wp\/v2\/tags?post=142296"}],"curies":[{"name":"wp","href":"https:\/\/api.w.org\/{rel}","templated":true}]}}