{"id":142293,"date":"2024-05-08T10:35:53","date_gmt":"2024-05-08T13:35:53","guid":{"rendered":"https:\/\/senoticias.com.br\/se\/?p=142293"},"modified":"2024-05-08T10:37:37","modified_gmt":"2024-05-08T13:37:37","slug":"se-edvaldo-fizesse-o-dever-de-casa-minimizaria-os-transtornos-das-chuvas-afirma-emilia","status":"publish","type":"post","link":"https:\/\/senoticias.com.br\/se\/se-edvaldo-fizesse-o-dever-de-casa-minimizaria-os-transtornos-das-chuvas-afirma-emilia\/","title":{"rendered":"\u201cSe Edvaldo fizesse o dever de casa, minimizaria os transtornos das chuvas\u201d, afirma Em\u00edlia"},"content":{"rendered":"\n<p>Mostrando v\u00eddeos recentes de alagamentos em alguns pontos da cidade, a vereadora Em\u00edlia Corr\u00eaa (PL) demonstrou preocupa\u00e7\u00e3o com os frequentes transtornos que os aracajuanos est\u00e3o enfrentando em raz\u00e3o das fortes chuvas e do descaso do poder p\u00fablico com a\u00e7\u00f5es preventivas.<\/p>\n\n\n\n<figure class=\"wp-block-image size-large\"><img loading=\"lazy\" decoding=\"async\" width=\"1024\" height=\"682\" src=\"https:\/\/senoticias.com.br\/se\/wp-content\/uploads\/2024\/05\/emilia-correiia-senoticias-1024x682.jpeg\" alt=\"\" class=\"wp-image-142294\"\/><figcaption>Foto: Gilton Rosas<\/figcaption><\/figure>\n\n\n\n<p>\u201cChuva n\u00e3o \u00e9, e nunca ser\u00e1 o problema, mas a falta de a\u00e7\u00f5es efetivas ao longo do ano para minimizar estas situa\u00e7\u00f5es, sim. Todo mundo j\u00e1 sabe qual o per\u00edodo chuvoso na capital, mas esperam chegar para agir. As consequ\u00eancias s\u00e3o essas. A popula\u00e7\u00e3o completamente vulner\u00e1vel. Pedindo socorro\u201d, explicou.<\/p>\n\n\n\n<p>Para Em\u00edlia, a\u00e7\u00f5es gradativas como limpezas de bueiros e drenagens poderiam diminuir os impactos do problema no per\u00edodo chuvoso.<\/p>\n\n\n\n<p>\u201cEm Aracaju, normalmente, as chuvas se intensificam no m\u00eas de maio. Dito isto e sabendo desta particularidade, o poder p\u00fablico deveria agir de forma efetiva durante todo o resto do ano para, que, quando chegar maio do ano seguinte, a situa\u00e7\u00e3o fosse menos pior, digamos assim. N\u00e3o estou dizendo aqui que vai evitar, entendam, mas diminuir os impactos. Isso \u00e9 poss\u00edvel fazer. Essas s\u00e3o circunst\u00e2ncias previs\u00edveis porque j\u00e1 temos hist\u00f3rico. O que n\u00e3o podemos \u00e9 fechar os olhos h\u00e1 d\u00e9cadas e sempre usar os mesmos argumentos. Realmente, isso n\u00e3o vai resolver absolutamente nada\u201d, finalizou.<\/p>\n\n\n\n<p><strong><em><br>A<strong><em>companhe tamb\u00e9m o SE Not\u00edcias no\u00a0<a rel=\"noreferrer noopener\" href=\"https:\/\/www.instagram.com\/senoticias\/\" target=\"_blank\">Instagram<\/a><\/em><\/strong><\/em><\/strong>,\u00a0<strong><em><strong><em>\u00a0<a rel=\"noreferrer noopener\" href=\"https:\/\/www.facebook.com\/senoticias1\" target=\"_blank\">Facebook<\/a>\u00a0e<\/em><\/strong><\/em><\/strong>\u00a0<strong><em>no<\/em>\u00a0<em><a href=\"https:\/\/twitter.com\/Senoticias\">X<\/a><\/em><\/strong><\/p>\n\n\n\n<p>Fonte: Camila Sousa &#8211; Ascom\/EC<\/p>\n","protected":false},"excerpt":{"rendered":"<p>Mostrando v\u00eddeos recentes de alagamentos em alguns pontos da cidade, a vereadora Em\u00edlia Corr\u00eaa (PL) demonstrou preocupa\u00e7\u00e3o com os frequentes transtornos que os aracajuanos est\u00e3o enfrentando em raz\u00e3o das fortes chuvas e do descaso do poder p\u00fablico com a\u00e7\u00f5es preventivas. \u201cChuva n\u00e3o \u00e9, e nunca ser\u00e1 o problema, mas a falta de a\u00e7\u00f5es efetivas ao [&hellip;]<\/p>\n","protected":false},"author":6557,"featured_media":0,"comment_status":"closed","ping_status":"closed","sticky":false,"template":"","format":"standard","meta":{"footnotes":""},"categories":[15,6],"tags":[119],"class_list":{"0":"post-142293","1":"post","2":"type-post","3":"status-publish","4":"format-standard","6":"category-destaques","7":"category-politica","8":"tag-chuvas"},"_links":{"self":[{"href":"https:\/\/senoticias.com.br\/se\/wp-json\/wp\/v2\/posts\/142293"}],"collection":[{"href":"https:\/\/senoticias.com.br\/se\/wp-json\/wp\/v2\/posts"}],"about":[{"href":"https:\/\/senoticias.com.br\/se\/wp-json\/wp\/v2\/types\/post"}],"author":[{"embeddable":true,"href":"https:\/\/senoticias.com.br\/se\/wp-json\/wp\/v2\/users\/6557"}],"replies":[{"embeddable":true,"href":"https:\/\/senoticias.com.br\/se\/wp-json\/wp\/v2\/comments?post=142293"}],"version-history":[{"count":0,"href":"https:\/\/senoticias.com.br\/se\/wp-json\/wp\/v2\/posts\/142293\/revisions"}],"wp:attachment":[{"href":"https:\/\/senoticias.com.br\/se\/wp-json\/wp\/v2\/media?parent=142293"}],"wp:term":[{"taxonomy":"category","embeddable":true,"href":"https:\/\/senoticias.com.br\/se\/wp-json\/wp\/v2\/categories?post=142293"},{"taxonomy":"post_tag","embeddable":true,"href":"https:\/\/senoticias.com.br\/se\/wp-json\/wp\/v2\/tags?post=142293"}],"curies":[{"name":"wp","href":"https:\/\/api.w.org\/{rel}","templated":true}]}}