{"id":142251,"date":"2024-05-04T22:06:29","date_gmt":"2024-05-05T01:06:29","guid":{"rendered":"https:\/\/senoticias.com.br\/se\/?p=142251"},"modified":"2024-05-04T22:21:33","modified_gmt":"2024-05-05T01:21:33","slug":"temporal-afeta-meio-milhao-de-pessoas-no-rs-defesa-civil-confirma-a-morte-de-55-pessoas","status":"publish","type":"post","link":"https:\/\/senoticias.com.br\/se\/temporal-afeta-meio-milhao-de-pessoas-no-rs-defesa-civil-confirma-a-morte-de-55-pessoas\/","title":{"rendered":"Temporal afeta meio milh\u00e3o de pessoas no RS; Defesa Civil confirma a morte de 55 pessoas"},"content":{"rendered":"\n<p><\/p>\n\n\n\n<p>Mais de meio milh\u00e3o de pessoas foram afetadas pelas fortes chuvas que atingem o estado do Rio Grande do Sul. O boletim atualizado da Defesa Civil, divulgado \u00e0s 18h deste s\u00e1bado, 4, confirma a morte de 55 pessoas em decorr\u00eancia dos temporais. Outros sete \u00f3bitos seguem em investiga\u00e7\u00e3o. No momento, s\u00e3o contabilizados 107 feridos e 74 desaparecidos.<\/p>\n\n\n\n<p>\u00c0s 19h, a Defesa Civil tamb\u00e9m emitiu um alerta de inunda\u00e7\u00e3o severa para a Regi\u00e3o Metropolitana. \u201cEvacue imediatamente \u00e1reas de risco, busque locais seguros. Procure informa\u00e7\u00f5es junto \u00e0 Defesa Civil da sua cidade a respeito de abrigos p\u00fablicos, rotas de fuga e n\u00e3o atravesse alagamentos a p\u00e9 ou, mesmo, de carro. Em caso de emerg\u00eancia ligue 190\/193\u201d, refor\u00e7a, em nota.<\/p>\n\n\n\n<figure class=\"wp-block-image size-large\"><img loading=\"lazy\" decoding=\"async\" width=\"600\" height=\"401\" src=\"https:\/\/senoticias.com.br\/se\/wp-content\/uploads\/2024\/05\/Chuvas-no-RS-se-noticias.jpg\" alt=\"\" class=\"wp-image-142252\" srcset=\"https:\/\/senoticias.com.br\/se\/wp-content\/uploads\/2024\/05\/Chuvas-no-RS-se-noticias.jpg 600w, https:\/\/senoticias.com.br\/se\/wp-content\/uploads\/2024\/05\/Chuvas-no-RS-se-noticias-300x201.jpg 300w, https:\/\/senoticias.com.br\/se\/wp-content\/uploads\/2024\/05\/Chuvas-no-RS-se-noticias-90x60.jpg 90w, https:\/\/senoticias.com.br\/se\/wp-content\/uploads\/2024\/05\/Chuvas-no-RS-se-noticias-180x120.jpg 180w, https:\/\/senoticias.com.br\/se\/wp-content\/uploads\/2024\/05\/Chuvas-no-RS-se-noticias-95x64.jpg 95w\" sizes=\"(max-width: 600px) 100vw, 600px\" \/><figcaption>Multid\u00e3o se aglomera em viaduto, enquanto barcos resgatam isolados por ruas alagadas em Canoas \u2014 Foto: Duda Fortes\/Ag\u00eancia RBS<\/figcaption><\/figure>\n\n\n\n<p>Ainda segundo as atualiza\u00e7\u00f5es do Rio Grande do Sul, dos 497 munic\u00edpios do Estado, pelo menos 317 sofreram alguma consequ\u00eancia das fortes chuvas, que tiveram in\u00edcio no fim de abril. Ao todo, h\u00e1 67 mil pessoas desalojadas e cerca de 13 mil est\u00e3o em abrigos.&nbsp;<\/p>\n\n\n\n<p>A Defesa Civil de RS alterou a forma de divulga\u00e7\u00e3o das mortes nesta tarde. Na manh\u00e3 deste s\u00e1bado, o boletim oficial informou terem sido contabilizadas 57 mortes. O n\u00famero &#8216;reduziu&#8217; pois, agora, s\u00e3o contabilizados separadamente os \u00f3bitos confirmados em decorr\u00eancia dos temporais e os que seguem em investiga\u00e7\u00e3o, para que a causa seja determinada.<\/p>\n\n\n\n<p><strong>Confira os detalhes do boletim atualizado na \u00edntegra:<\/strong><\/p>\n\n\n\n<p>Munic\u00edpios afetados: 317<br>Pessoas em abrigos: 13.324<br>Desalojados: 69.242<br>Afetados: 510.585<br>Feridos: 107<br>Desaparecidos: 74<br>\u00d3bitos confirmados: 55<br>\u00d3bitos em investiga\u00e7\u00e3o: 7<br>Racionamento de \u00e1gua<\/p>\n\n\n\n<p>Em meio a enchentes e ruas bloqueadas, o prefeito de Porto Alegre, Sebasti\u00e3o Melo (MDB), pediu que a popula\u00e7\u00e3o racione \u00e1gua a partir deste s\u00e1bado, 4. Quatro das seis esta\u00e7\u00f5es de tratamento da cidade est\u00e3o paradas por causa das fortes chuvas que atingem o Rio Grande do Sul.<\/p>\n\n\n\n<p>Os munic\u00edpios seguem em alerta de mais danos, assim como necessidade de orienta\u00e7\u00e3o para que a popula\u00e7\u00e3o deixe \u00e1reas consideradas de risco.<\/p>\n\n\n\n<p>&#8220;As bombas, na medida em que o rio est\u00e1 muito alto, n\u00e3o podem continuar funcionando, sen\u00e3o todas elas v\u00e3o queimar e vai passar muito tempo pra recuperar. Eu quero fazer um apelo que as pessoas fa\u00e7am racionamento muito forte, muito forte na cidade&#8221;, disse o prefeito, em entrevista \u00e0 RBS TV.<\/p>\n\n\n\n<p>Mais cedo um buraco se abriu na Avenida Castelo Branco, no sentido Litoral\/Capital. Com isso, o principal acesso a Porto Alegre est\u00e1 bloqueado. A pista cedeu ap\u00f3s a \u00e1gua que passa por baixo da avenida, por uma comporta, levar parte do asfalto.<\/p>\n\n\n\n<p><strong><em>A<strong><em>companhe tamb\u00e9m o SE Not\u00edcias no\u00a0<a rel=\"noreferrer noopener\" href=\"https:\/\/www.instagram.com\/senoticias\/\" target=\"_blank\">Instagram<\/a><\/em><\/strong><\/em><\/strong>,\u00a0<strong><em><strong><em>\u00a0<a rel=\"noreferrer noopener\" href=\"https:\/\/www.facebook.com\/senoticias1\" target=\"_blank\">Facebook<\/a>\u00a0e<\/em><\/strong><\/em><\/strong>\u00a0<strong><em>no<\/em>\u00a0<em><a href=\"https:\/\/twitter.com\/Senoticias\">X<\/a><\/em><\/strong><\/p>\n\n\n\n<p>Fonte: Gazeta Zero Hora<\/p>\n","protected":false},"excerpt":{"rendered":"<p>Mais de meio milh\u00e3o de pessoas foram afetadas pelas fortes chuvas que atingem o estado do Rio Grande do Sul. O boletim atualizado da Defesa Civil, divulgado \u00e0s 18h deste s\u00e1bado, 4, confirma a morte de 55 pessoas em decorr\u00eancia dos temporais. Outros sete \u00f3bitos seguem em investiga\u00e7\u00e3o. No momento, s\u00e3o contabilizados 107 feridos e [&hellip;]<\/p>\n","protected":false},"author":6557,"featured_media":0,"comment_status":"closed","ping_status":"closed","sticky":false,"template":"","format":"standard","meta":{"footnotes":""},"categories":[15,6],"tags":[8276],"class_list":{"0":"post-142251","1":"post","2":"type-post","3":"status-publish","4":"format-standard","6":"category-destaques","7":"category-politica","8":"tag-rio-grande-do-sul"},"_links":{"self":[{"href":"https:\/\/senoticias.com.br\/se\/wp-json\/wp\/v2\/posts\/142251"}],"collection":[{"href":"https:\/\/senoticias.com.br\/se\/wp-json\/wp\/v2\/posts"}],"about":[{"href":"https:\/\/senoticias.com.br\/se\/wp-json\/wp\/v2\/types\/post"}],"author":[{"embeddable":true,"href":"https:\/\/senoticias.com.br\/se\/wp-json\/wp\/v2\/users\/6557"}],"replies":[{"embeddable":true,"href":"https:\/\/senoticias.com.br\/se\/wp-json\/wp\/v2\/comments?post=142251"}],"version-history":[{"count":0,"href":"https:\/\/senoticias.com.br\/se\/wp-json\/wp\/v2\/posts\/142251\/revisions"}],"wp:attachment":[{"href":"https:\/\/senoticias.com.br\/se\/wp-json\/wp\/v2\/media?parent=142251"}],"wp:term":[{"taxonomy":"category","embeddable":true,"href":"https:\/\/senoticias.com.br\/se\/wp-json\/wp\/v2\/categories?post=142251"},{"taxonomy":"post_tag","embeddable":true,"href":"https:\/\/senoticias.com.br\/se\/wp-json\/wp\/v2\/tags?post=142251"}],"curies":[{"name":"wp","href":"https:\/\/api.w.org\/{rel}","templated":true}]}}