{"id":142250,"date":"2024-05-04T21:41:40","date_gmt":"2024-05-05T00:41:40","guid":{"rendered":"https:\/\/senoticias.com.br\/se\/?p=142250"},"modified":"2024-05-04T21:41:53","modified_gmt":"2024-05-05T00:41:53","slug":"em-dia-de-feira-livre-energisa-deixa-comerciantes-e-populares-sem-energia-por-mais-de-5-horas-em-sao-cristovao","status":"publish","type":"post","link":"https:\/\/senoticias.com.br\/se\/em-dia-de-feira-livre-energisa-deixa-comerciantes-e-populares-sem-energia-por-mais-de-5-horas-em-sao-cristovao\/","title":{"rendered":"Em dia de feira livre, Energisa deixa comerciantes e populares sem energia por mais de 5 horas em S\u00e3o Crist\u00f3v\u00e3o"},"content":{"rendered":"\n<p>Moradores e comerciantes do Largo da Esta\u00e7\u00e3o Rodovi\u00e1ria e do Cal\u00e7ad\u00e3o da sede do munic\u00edpio de S\u00e3o Crist\u00f3v\u00e3o ficaram mais de 5 horas sem energia el\u00e9trica. \u00c0s 8h da manh\u00e3 deste s\u00e1bado (4\/5) ocorreu a interrup\u00e7\u00e3o do servi\u00e7o, que seguiu at\u00e9 \u00e0s 14h. Eles alegam n\u00e3o conseguiram respostas da Energisa, concession\u00e1ria respons\u00e1vel pela presta\u00e7\u00e3o de servi\u00e7o.<\/p>\n\n\n\n<p>Moradores e comerciantes foram surpreendidos, com a execu\u00e7\u00e3o de um servi\u00e7o na rede el\u00e9trica realizada pela empresa terceirizada EEB que presta servi\u00e7os \u00e0 Energisa. A queixa dos moradores baseia-se na informa\u00e7\u00e3o de que a companhia n\u00e3o realizou notifica\u00e7\u00e3o pr\u00e9via do servi\u00e7o, pegando todos de surpresa, justamente no dia que acontece a feira livre da cidade, atingindo principalmente os servi\u00e7os banc\u00e1rios, Ponto Banese, Casa Lot\u00e9rica e cash do Banco do Brasil, e diversas lojas, que se localiza no cal\u00e7ad\u00e3o.<\/p>\n\n\n\n<p>A estimativa de gerar grande preju\u00edzo a todos os envolvidos: comerci\u00e1rios, banc\u00e1rios (pontos banc\u00e1rios), feirantes, casa lot\u00e9rica, provocou enorme indigna\u00e7\u00e3o na popula\u00e7\u00e3o local, que pontuam os fatos do porqu\u00ea a Energisa n\u00e3o os notificou com anteced\u00eancia sobre a execu\u00e7\u00e3o do servi\u00e7o, bem como, n\u00e3o ter realizado outro dia da semana, que trouxesse menos transtornos \u00e0 popula\u00e7\u00e3o.<\/p>\n\n\n\n<p>Ao<strong> SE Not\u00edcias<\/strong>, os moradores disseram que preju\u00edzo poderia ter sido evitado se o servi\u00e7o fosse programado para ser realizado em um dia de domingo.<\/p>\n\n\n\n<p>Segundo o morador e comerciante do Ponto Banese, o senhor Maur\u00edcio Barros contou a reportagem do SE Not\u00edcias sobre as informa\u00e7\u00f5es passadas pela Energisa, \u201ceu n\u00e3o fui comunicado, a empresa informa que disponibilizou a not\u00edcia via Facebook e WhatsApp, s\u00f3 que essa comunica\u00e7\u00e3o n\u00e3o chegou com anteced\u00eancia, n\u00e3o t\u00ednhamos como saber desse servi\u00e7o. Outro detalhe que chama a aten\u00e7\u00e3o, \u00e9 que tem um escrit\u00f3rio da Energisa em S\u00e3o Crist\u00f3v\u00e3o e eles sabem que o s\u00e1bado \u00e9 um dia de feira livre\u2019\u2019 enfatiza.<\/p>\n\n\n\n<p>\u201cToda essa situa\u00e7\u00e3o \u00e9 complicada, j\u00e1 que assim como eu, muitos comerciantes n\u00e3o foram avisados, essa falta de aten\u00e7\u00e3o e de preocupa\u00e7\u00e3o nos deixou chateados com esse ato proporcionado pela falta de energia\u2019\u2019, conclui Mauricio Barros.<\/p>\n\n\n\n<p>Vale ressaltar que a queixa dos moradores foi registrada em v\u00eddeo e enviada a nossa equipe de reportagem, at\u00e9 a publica\u00e7\u00e3o desta mat\u00e9ria n\u00e3o obtivemos retorno da Energisa desde j\u00e1, deixamos a disposi\u00e7\u00e3o o nosso e-mail senoticias@gmail.com para envio de resposta, caso seja do interesse da empresa.<\/p>\n\n\n\n<p><strong><em>A<strong><em>companhe tamb\u00e9m o SE Not\u00edcias no\u00a0<a rel=\"noreferrer noopener\" href=\"https:\/\/www.instagram.com\/senoticias\/\" target=\"_blank\">Instagram<\/a><\/em><\/strong><\/em><\/strong>,\u00a0<strong><em><strong><em>\u00a0<a rel=\"noreferrer noopener\" href=\"https:\/\/www.facebook.com\/senoticias1\" target=\"_blank\">Facebook<\/a>\u00a0e<\/em><\/strong><\/em><\/strong>\u00a0<strong><em>no<\/em>\u00a0<em><a href=\"https:\/\/twitter.com\/Senoticias\">X<\/a><\/em><\/strong><\/p>\n\n\n\n<p><em>Reda\u00e7\u00e3o SE Not\u00edcias<\/em><\/p>\n","protected":false},"excerpt":{"rendered":"<p>Moradores e comerciantes do Largo da Esta\u00e7\u00e3o Rodovi\u00e1ria e do Cal\u00e7ad\u00e3o da sede do munic\u00edpio de S\u00e3o Crist\u00f3v\u00e3o ficaram mais de 5 horas sem energia el\u00e9trica. \u00c0s 8h da manh\u00e3 deste s\u00e1bado (4\/5) ocorreu a interrup\u00e7\u00e3o do servi\u00e7o, que seguiu at\u00e9 \u00e0s 14h. Eles alegam n\u00e3o conseguiram respostas da Energisa, concession\u00e1ria respons\u00e1vel pela presta\u00e7\u00e3o de [&hellip;]<\/p>\n","protected":false},"author":6557,"featured_media":0,"comment_status":"closed","ping_status":"closed","sticky":false,"template":"","format":"standard","meta":{"footnotes":""},"categories":[1],"tags":[],"class_list":{"0":"post-142250","1":"post","2":"type-post","3":"status-publish","4":"format-standard","6":"category-sem-categoria"},"_links":{"self":[{"href":"https:\/\/senoticias.com.br\/se\/wp-json\/wp\/v2\/posts\/142250"}],"collection":[{"href":"https:\/\/senoticias.com.br\/se\/wp-json\/wp\/v2\/posts"}],"about":[{"href":"https:\/\/senoticias.com.br\/se\/wp-json\/wp\/v2\/types\/post"}],"author":[{"embeddable":true,"href":"https:\/\/senoticias.com.br\/se\/wp-json\/wp\/v2\/users\/6557"}],"replies":[{"embeddable":true,"href":"https:\/\/senoticias.com.br\/se\/wp-json\/wp\/v2\/comments?post=142250"}],"version-history":[{"count":0,"href":"https:\/\/senoticias.com.br\/se\/wp-json\/wp\/v2\/posts\/142250\/revisions"}],"wp:attachment":[{"href":"https:\/\/senoticias.com.br\/se\/wp-json\/wp\/v2\/media?parent=142250"}],"wp:term":[{"taxonomy":"category","embeddable":true,"href":"https:\/\/senoticias.com.br\/se\/wp-json\/wp\/v2\/categories?post=142250"},{"taxonomy":"post_tag","embeddable":true,"href":"https:\/\/senoticias.com.br\/se\/wp-json\/wp\/v2\/tags?post=142250"}],"curies":[{"name":"wp","href":"https:\/\/api.w.org\/{rel}","templated":true}]}}