{"id":142247,"date":"2024-05-03T18:27:25","date_gmt":"2024-05-03T21:27:25","guid":{"rendered":"https:\/\/senoticias.com.br\/se\/?p=142247"},"modified":"2024-05-03T18:30:25","modified_gmt":"2024-05-03T21:30:25","slug":"prefeito-edvaldo-divulga-programacao-do-forro-caju-2024-festa-de-dimensao-extraordinaria","status":"publish","type":"post","link":"https:\/\/senoticias.com.br\/se\/prefeito-edvaldo-divulga-programacao-do-forro-caju-2024-festa-de-dimensao-extraordinaria\/","title":{"rendered":"Prefeito Edvaldo divulga programa\u00e7\u00e3o do Forr\u00f3 Caju 2024: &#8220;festa de dimens\u00e3o extraordin\u00e1ria&#8221;"},"content":{"rendered":"\n<p><\/p>\n\n\n\n<p>O prefeito Edvaldo Nogueira anunciou nesta sexta-feira, 3, a programa\u00e7\u00e3o completa do Forr\u00f3 Caju 2024, que este ano ser\u00e1 iniciado a partir do dia 8 de junho e seguir\u00e1 at\u00e9 o dia 29. A capital sergipana ser\u00e1, mais uma vez, um grande palco para a realiza\u00e7\u00e3o do Forr\u00f3 nos Bairros, seguido do Circular Junino, S\u00e3o Jo\u00e3o na Pra\u00e7a e os tradicionais shows realizados na pra\u00e7a Hilton Lopes, com atra\u00e7\u00f5es nos palcos Luiz Gonzaga e Gerson Filho. Na pra\u00e7a Hilton Lopes, as apresenta\u00e7\u00f5es musicais acontecer\u00e3o de 23 a 29 de junho.<\/p>\n\n\n\n<p>Este ano, a festa que atrai milhares de turistas para celebrar os festejos juninos na capital sergipana est\u00e1 ainda maior, com mais de 100 artistas sergipanos e nacionais como Ana Castela, Michel Tel\u00f3, Calcinha Preta, Simone Mendes, Mestrinho, Maiara e Mara\u00edsa, Alceu Valen\u00e7a, Iguinho e Lulinha, Dorgival Dantas, Joelma, Z\u00e9 Vaqueiro, Mestrinho e Luan Estilizado, que ir\u00e3o enriquecer ainda mais a cultura nordestina. Para o gestor da capital sergipana, \u201ca sensa\u00e7\u00e3o \u00e9 de saudade, mas tamb\u00e9m de dever cumprido\u201d, pois este se trata do \u00faltimo Forr\u00f3 Caju da sua atual administra\u00e7\u00e3o.<\/p>\n\n\n\n<figure class=\"wp-block-image size-large\"><img loading=\"lazy\" decoding=\"async\" width=\"564\" height=\"376\" src=\"https:\/\/senoticias.com.br\/se\/wp-content\/uploads\/2024\/05\/Forro-Caju-Edvaldo-Nogueira-SE-Noticias.jpg\" alt=\"\" class=\"wp-image-142248\" srcset=\"https:\/\/senoticias.com.br\/se\/wp-content\/uploads\/2024\/05\/Forro-Caju-Edvaldo-Nogueira-SE-Noticias.jpg 564w, https:\/\/senoticias.com.br\/se\/wp-content\/uploads\/2024\/05\/Forro-Caju-Edvaldo-Nogueira-SE-Noticias-300x200.jpg 300w, https:\/\/senoticias.com.br\/se\/wp-content\/uploads\/2024\/05\/Forro-Caju-Edvaldo-Nogueira-SE-Noticias-90x60.jpg 90w, https:\/\/senoticias.com.br\/se\/wp-content\/uploads\/2024\/05\/Forro-Caju-Edvaldo-Nogueira-SE-Noticias-180x120.jpg 180w, https:\/\/senoticias.com.br\/se\/wp-content\/uploads\/2024\/05\/Forro-Caju-Edvaldo-Nogueira-SE-Noticias-95x64.jpg 95w\" sizes=\"(max-width: 564px) 100vw, 564px\" \/><figcaption>Prefeito Edvaldo divulga programa\u00e7\u00e3o do Forr\u00f3 Caju 2024 &#8211; Foto: Ana L\u00edcia Menezes\/AAN<\/figcaption><\/figure>\n\n\n\n<p>\u201cEu estou muito feliz, porque o Forr\u00f3 Caju ganhou uma dimens\u00e3o extraordin\u00e1ria. Conseguimos transformar essa grande festa em uma das maiores celebra\u00e7\u00f5es nacionais. O Forr\u00f3 Caju tem tr\u00eas pilares muito importantes e que s\u00e3o fundamentais para sua exist\u00eancia. O primeiro \u00e9 a manuten\u00e7\u00e3o da nossa raiz cultural, pois ele remonta das tradi\u00e7\u00f5es da nossa funda\u00e7\u00e3o enquanto Estado e enquanto cidade, e traz uma vasta mistura de ritmos do forr\u00f3. Segundo, que ele representa e traz alegria para o povo da nossa cidade, do nosso estado e atrai os turistas do Brasil e do mundo para c\u00e1. Em terceiro, \u00e9 a economia. Essa grande festa junina fomenta o turismo e a circula\u00e7\u00e3o de recursos em Aracaju. O que investimos na festa retorna em propor\u00e7\u00f5es muito maiores em impostos e arrecada\u00e7\u00e3o. Este \u00e9 meu \u00faltimo Forr\u00f3 Caju, como prefeito, e a sensa\u00e7\u00e3o \u00e9 de saudade, mas tamb\u00e9m de dever cumprido. Vamos todos aproveitar essa festa que faz parte da nossa hist\u00f3ria e do nosso povo\u201d, destacou.<\/p>\n\n\n\n<p><strong>Programa\u00e7\u00e3o diversa<\/strong><br><br>Nos dias 8, 9, 15 e 16 de junho ser\u00e1 realizado o Forr\u00f3 nos Bairros, que acontece no Bugio, Augusto Franco, 17 de Mar\u00e7o e na Orla P\u00f4r do Sol, respectivamente. Paralelamente, estar\u00e1 acontecendo na pra\u00e7a General Valad\u00e3o, no Centro da cidade, entre os dias 10 e 21 de junho, o festejo que ganhou o cora\u00e7\u00e3o dos aracajuanos e turistas: o S\u00e3o Jo\u00e3o na Pra\u00e7a, uma parceria com a Federa\u00e7\u00e3o de Com\u00e9rcio de Bens, Servi\u00e7os e Turismo de Sergipe (Fecom\u00e9rcio\/SE), Sesc e Senac.<\/p>\n\n\n\n<p>J\u00e1 de 15 a 29 de junho, estar\u00e1 presente na cidade o Circular Junino, com trio p\u00e9 de serra, quadrilhas juninas e muita cultura nos principais pontos de chegada das pessoas em Aracaju, como rodovi\u00e1rias e aeroporto, bem como onde as pessoas mais circulam, a exemplo dos mercados setoriais. De 23 a 29 de junho, a festa acontece tamb\u00e9m na pra\u00e7a Hilton Lopes, no Centro, com diversos shows nos palcos Gerson Filho e Luiz Gonzaga.<\/p>\n\n\n\n<p><strong>Planejamento e organiza\u00e7\u00e3o<\/strong><br><br>O presidente da Funda\u00e7\u00e3o Cultural Cidade de Aracaju (Funcaju), Luciano Correia, explicou como acontece o trabalho de planejamento dessa grande festa e como ela ganhou as propor\u00e7\u00f5es que possui hoje.<\/p>\n\n\n\n<p>\u201cNo Forr\u00f3 Caju, a gente come\u00e7a a trabalhar muito antes, desde a cria\u00e7\u00e3o da programa\u00e7\u00e3o, entra em campo outras secretarias envolvidas com a sua estrutura, com a responsabilidade extrema com a festa e com as pessoas. Esta \u00e9 uma celebra\u00e7\u00e3o tradicional que j\u00e1 faz parte do calend\u00e1rio nacional, e faz com que Aracaju seja hoje um dos cart\u00f5es postais do forr\u00f3 mais aut\u00eanticos do Brasil, um dos mais procurados no pa\u00eds inteiro. A prova disso n\u00e3o \u00e9 a minha fala, mas sim a lota\u00e7\u00e3o em 100% da rede hoteleira que a gente alcan\u00e7a nesse per\u00edodo. O Forr\u00f3 Caju foi resultado de um trabalho planejado, de tradi\u00e7\u00e3o, da qualidade de sua programa\u00e7\u00e3o ao longo dos anos, \u00e9 um modelo de eventos que deu certo. Contamos com um vasto n\u00famero de atra\u00e7\u00f5es, parcerias e tudo que far\u00e1 do Forr\u00f3 Caju 2024 uma linda festa do povo\u201d, contou.<\/p>\n\n\n\n<p>O evento deve atrair ainda mais turistas para a capital sergipana no per\u00edodo junino. Para isso, n\u00e3o s\u00f3 o lan\u00e7amento da programa\u00e7\u00e3o contribui para destacar a capital sergipana como um dos polos nacionais do turismo, mas tamb\u00e9m o trabalho de divulga\u00e7\u00e3o que a Prefeitura desenvolve ao longo do ano, como ressalta o secret\u00e1rio municipal do Turismo (Setur), Jorge Fraga.<\/p>\n\n\n\n<p>\u201cA nossa expectativa \u00e9 de um aumento no n\u00famero de turistas na cidade durante todo o per\u00edodo junino. Temos feito um trabalho, desde a do fim da pandemia, de divulga\u00e7\u00e3o de Aracaju. Houve um impulso muito grande com a parceria entre a Prefeitura e o Governo do Estado. Pela primeira vez, Aracaju teve a ousadia e levou o Forr\u00f3 Caju at\u00e9 Lisboa. N\u00f3s tivemos em Portugal e apresentamos nossos festejos na cidade lusitana. E \u00e9 assim que se faz promo\u00e7\u00e3o ao turismo para a cidade, com a uni\u00e3o de todos e muito trabalho. Seguimos atuando para atrair mais pessoas para o Forr\u00f3 Caju e, agora, com o lan\u00e7amento da programa\u00e7\u00e3o, vamos impulsionar ainda mais essa festa e fazer de Aracaju um lindo palco para celebrar o per\u00edodo junino\u201d, afirmou.<\/p>\n\n\n\n<p><strong>Cultura e tradi\u00e7\u00e3o<\/strong><br><br>O cantor Erivaldo de Carira sobe ao palco Luiz Gonzaga no dia 26 de junho e j\u00e1 est\u00e1 habituado a fazer do Forr\u00f3 Caju uma grande festa para as pessoas. Presente no evento todos os anos, ele promete que levar\u00e1 o bom e velho forr\u00f3 para o p\u00fablico aproveitar o que a festa oferece de melhor: tradi\u00e7\u00e3o e alegria.<\/p>\n\n\n\n<p>\u201cO Forr\u00f3 Caju \u00e9 uma festa maravilhosa, que eu participo desde a primeira edi\u00e7\u00e3o e at\u00e9 hoje estamos a\u00ed, tocando e levando o melhor do forr\u00f3 e representando a nossa cultura para as pessoas. Essa \u00e9 a cultura de um povo que n\u00e3o podemos deixar acabar nunca. Eu mantenho essa tradi\u00e7\u00e3o de cantar e tocar um forr\u00f3 de verdade e vamos, mais uma vez, se apresentar aqui no Forr\u00f3 Caju, nessa linda festa dos aracajuanos e sergipanos\u201d.<\/p>\n\n\n\n<p>Para Lucas Campelo, artista sergipano que se apresentar\u00e1 no palco Gerson Filho no dia 24 de junho, o Forr\u00f3 Caju traz uma sensa\u00e7\u00e3o de pertencimento. Como bom filho da terra, ele contou que sempre participou da festa, estando no p\u00fablico e tamb\u00e9m nos palcos e explicou que essa mistura resulta em felicidade e muito forr\u00f3 para todo mundo.<\/p>\n\n\n\n<p>\u201c\u00c9 sempre uma alegria estar no Forr\u00f3 Caju, esse que \u00e9 um dos palcos dos festejos juninos na nossa cidade e, sobretudo, quando a gente faz essa conex\u00e3o, entre p\u00fablico, pois eu sempre fui para o Forr\u00f3 Caju, e quando vou me apresentar como artista, como este ano. \u00c9 uma \u00f3tima sensa\u00e7\u00e3o de pertencimento, de estar aqui na minha cidade, fazer um show para todas as pessoas que est\u00e3o l\u00e1 e cantar m\u00fasicas de artistas que tamb\u00e9m s\u00e3o da casa. Essa linda festa faz parte da minha vida e eu tamb\u00e9m fa\u00e7o parte dessa festa. \u00c9 uma mistura que o resultado \u00e9 a felicidade e vai ter forr\u00f3 para todo mundo. Essa \u00e9 a for\u00e7a, o que move a gente. A nossa cultura, a nossa identidade e a gente vai l\u00e1 e partilha isso com o p\u00fablico\u201d, detalhou.<\/p>\n\n\n\n<p><strong>Shows<\/strong><br><br>No palco Luiz Gonzaga, localizado na pra\u00e7a Hilton Lopes, Centro da cidade, a festa come\u00e7a cedo, a partir das 20h do dia 23, com o show de Unha Pintada seguido de Xote Bai\u00e3o, Mano Walter, Zuer\u00f5es do Forr\u00f3 e Maiara e Mara\u00edsa. No dia seguinte, 24, \u00e9 a vez de Ramon &amp; Randinho, Pedro Lua, Ana Castela, Michel Tel\u00f3, finalizando a noite com Jeanny Lins e Ded\u00e9 Brasil. O terceiro dia de festa, 25, tem apresenta\u00e7\u00e3o da Orquestra Sanf\u00f4nica, Mestrinho, Simone Mendes, Calcinha Preta e Fogo na Saia. Na quarta-feira, 26, Erivaldo de Carira, Elba Ramalho, Solange Almeida, Tarc\u00edsio do Acordeon e Cavaleiros do Forr\u00f3 animar\u00e3o o p\u00fablico.<\/p>\n\n\n\n<p>O quinto dia de Forr\u00f3 Caju, 27 de junho, traz para o palco Luiz Gonzaga os artistas Michele Andrade, Iguinho e Lulinha, Dorgival Dantas, Thais Nogueira e Danielzinho Jr. No pen\u00faltimo dia de festa, 28, Flor de Maracuj\u00e1, Joelma, Alceu Valen\u00e7a, Luan Estilizado e Z\u00e9 Tramela j\u00e1 come\u00e7am a deixar o gostinho de saudade que ser\u00e1 marcado no \u00faltimo dia de Forr\u00f3 Caju, 29 de junho, quando Luanzinho Moraes, Henry Freitas, Z\u00e9 Vaqueiro, Cintura Fina e Saia Rodada encerram as comemora\u00e7\u00f5es da mais tradicional festa junina sergipana.<\/p>\n\n\n\n<p><strong><em>A<strong><em>companhe tamb\u00e9m o SE Not\u00edcias no\u00a0<a rel=\"noreferrer noopener\" href=\"https:\/\/www.instagram.com\/senoticias\/\" target=\"_blank\">Instagram<\/a><\/em><\/strong><\/em><\/strong>,\u00a0<strong><em><strong><em>\u00a0<a rel=\"noreferrer noopener\" href=\"https:\/\/www.facebook.com\/senoticias1\" target=\"_blank\">Facebook<\/a>\u00a0e<\/em><\/strong><\/em><\/strong>\u00a0<strong><em>no<\/em>\u00a0<em><a href=\"https:\/\/twitter.com\/Senoticias\">X<\/a><\/em><\/strong><\/p>\n\n\n\n<p>Fonte: Ag\u00eancia Aracaju de Not\u00edcias<\/p>\n\n\n\n<p><\/p>\n","protected":false},"excerpt":{"rendered":"<p>O prefeito Edvaldo Nogueira anunciou nesta sexta-feira, 3, a programa\u00e7\u00e3o completa do Forr\u00f3 Caju 2024, que este ano ser\u00e1 iniciado a partir do dia 8 de junho e seguir\u00e1 at\u00e9 o dia 29. A capital sergipana ser\u00e1, mais uma vez, um grande palco para a realiza\u00e7\u00e3o do Forr\u00f3 nos Bairros, seguido do Circular Junino, S\u00e3o [&hellip;]<\/p>\n","protected":false},"author":6557,"featured_media":0,"comment_status":"closed","ping_status":"closed","sticky":false,"template":"","format":"standard","meta":{"footnotes":""},"categories":[15,21,1],"tags":[41554,5167,213],"class_list":{"0":"post-142247","1":"post","2":"type-post","3":"status-publish","4":"format-standard","6":"category-destaques","7":"category-entretenimento","8":"category-sem-categoria","9":"tag-forro-caju-2024","10":"tag-prefeito-edvaldo","11":"tag-prefeitura-de-aracaju"},"_links":{"self":[{"href":"https:\/\/senoticias.com.br\/se\/wp-json\/wp\/v2\/posts\/142247"}],"collection":[{"href":"https:\/\/senoticias.com.br\/se\/wp-json\/wp\/v2\/posts"}],"about":[{"href":"https:\/\/senoticias.com.br\/se\/wp-json\/wp\/v2\/types\/post"}],"author":[{"embeddable":true,"href":"https:\/\/senoticias.com.br\/se\/wp-json\/wp\/v2\/users\/6557"}],"replies":[{"embeddable":true,"href":"https:\/\/senoticias.com.br\/se\/wp-json\/wp\/v2\/comments?post=142247"}],"version-history":[{"count":0,"href":"https:\/\/senoticias.com.br\/se\/wp-json\/wp\/v2\/posts\/142247\/revisions"}],"wp:attachment":[{"href":"https:\/\/senoticias.com.br\/se\/wp-json\/wp\/v2\/media?parent=142247"}],"wp:term":[{"taxonomy":"category","embeddable":true,"href":"https:\/\/senoticias.com.br\/se\/wp-json\/wp\/v2\/categories?post=142247"},{"taxonomy":"post_tag","embeddable":true,"href":"https:\/\/senoticias.com.br\/se\/wp-json\/wp\/v2\/tags?post=142247"}],"curies":[{"name":"wp","href":"https:\/\/api.w.org\/{rel}","templated":true}]}}