{"id":142194,"date":"2024-04-30T10:00:16","date_gmt":"2024-04-30T13:00:16","guid":{"rendered":"https:\/\/senoticias.com.br\/se\/?p=142194"},"modified":"2024-04-30T10:00:30","modified_gmt":"2024-04-30T13:00:30","slug":"brasil-passa-de-4-milhoes-de-casos-de-dengue-mortes-chegam-a-1-937","status":"publish","type":"post","link":"https:\/\/senoticias.com.br\/se\/brasil-passa-de-4-milhoes-de-casos-de-dengue-mortes-chegam-a-1-937\/","title":{"rendered":"Brasil passa de 4 milh\u00f5es de casos de dengue; mortes chegam a 1.937"},"content":{"rendered":"\n<p>O Brasil passou de 4 milh\u00f5es de casos de dengue registrados neste ano, conforme atualiza\u00e7\u00e3o do Painel de Monitoramento das Arboviroses do Minist\u00e9rio da Sa\u00fade nesta segunda-feira (29). No total, 4.127.571 casos prov\u00e1veis da doen\u00e7a foram notificados em todo o pa\u00eds nos quatro primeiros meses.<\/p>\n\n\n\n<figure class=\"wp-block-image size-large\"><img loading=\"lazy\" decoding=\"async\" width=\"1024\" height=\"613\" src=\"https:\/\/senoticias.com.br\/se\/wp-content\/uploads\/2024\/04\/dengue-senoticias-1024x613.jpeg\" alt=\"\" class=\"wp-image-142195\"\/><figcaption>Outros 2.345 \u00f3bitos est\u00e3o sendo investigados. &#8211; Foto: Marcelo Camargo\/Ag\u00eancia Brasil<\/figcaption><\/figure>\n\n\n\n<p>Quanto \u00e0s mortes por dengue, 1.937 foram confirmadas e 2.345 est\u00e3o sob investiga\u00e7\u00e3o. O coeficiente de incid\u00eancia da doen\u00e7a no pa\u00eds \u00e9 2.032,7 casos para cada grupo de 100 mil habitantes.<\/p>\n\n\n\n<p>A faixa et\u00e1ria mais afetada \u00e9 de 20 a 29 anos, que concentra a maior parte dos casos. J\u00e1 a faixa et\u00e1ria menos atingida \u00e9 a de crian\u00e7as menores de 1 ano, seguida por pessoas com 80 anos ou mais e por crian\u00e7as de 1 a 4 anos.<\/p>\n\n\n\n<p>As unidades da Federa\u00e7\u00e3o com maior incid\u00eancia da doen\u00e7a s\u00e3o Distrito Federal, Minas Gerais, Paran\u00e1, Esp\u00edrito Santo, Goi\u00e1s e Santa Catarina.<\/p>\n\n\n\n<p>Proje\u00e7\u00f5es divulgadas no in\u00edcio do ano apontam que os casos de dengue no pa\u00eds podem chegar a 4.225.885.<\/p>\n\n\n\n<p><strong>Combate \u00e0 dengue<\/strong><br>O Minist\u00e9rio da Sa\u00fade e o governo de Minas Gerais inauguraram nesta segunda-feira (29), em Belo Horizonte, a Biof\u00e1brica Wolbachia. A unidade, administrada pela Funda\u00e7\u00e3o Oswaldo Cruz (Fiocruz), vai permitir ao Brasil ampliar sua capacidade de produ\u00e7\u00e3o de uma das principais tecnologias no combate \u00e0 dengue e outras arboviroses.<\/p>\n\n\n\n<p>A Wolbachia \u00e9 uma bact\u00e9ria presente em cerca de 60% dos insetos na natureza, mas ausente naturalmente no Aedes aegypti. O chamado m\u00e9todo Wolbachia consiste em inserir a bact\u00e9ria em ovos do mosquito em laborat\u00f3rio e criar Aedes aegypti que portam o microrganismo. Infectados pela Wolbachia, eles n\u00e3o s\u00e3o capazes de carregar os v\u00edrus que causam dengue, zika, chikungunya ou febre amarela.<\/p>\n\n\n\n<p><strong><em>A<strong><em>companhe tamb\u00e9m o SE Not\u00edcias no&nbsp;<a rel=\"noreferrer noopener\" href=\"https:\/\/www.instagram.com\/senoticias\/\" target=\"_blank\">Instagram<\/a><\/em><\/strong><\/em><\/strong>,&nbsp;<strong><em><strong><em>&nbsp;<a rel=\"noreferrer noopener\" href=\"https:\/\/www.facebook.com\/senoticias1\" target=\"_blank\">Facebook<\/a>&nbsp;e<\/em><\/strong><\/em><\/strong>&nbsp;<strong><em>no<\/em>&nbsp;<em><a href=\"https:\/\/twitter.com\/Senoticias\">X<\/a><\/em><\/strong><\/p>\n\n\n\n<p>Fonte: Ag\u00eancia Brasil<\/p>\n","protected":false},"excerpt":{"rendered":"<p>O Brasil passou de 4 milh\u00f5es de casos de dengue registrados neste ano, conforme atualiza\u00e7\u00e3o do Painel de Monitoramento das Arboviroses do Minist\u00e9rio da Sa\u00fade nesta segunda-feira (29). No total, 4.127.571 casos prov\u00e1veis da doen\u00e7a foram notificados em todo o pa\u00eds nos quatro primeiros meses. Quanto \u00e0s mortes por dengue, 1.937 foram confirmadas e 2.345 [&hellip;]<\/p>\n","protected":false},"author":6557,"featured_media":0,"comment_status":"closed","ping_status":"closed","sticky":false,"template":"","format":"standard","meta":{"footnotes":""},"categories":[15,2961],"tags":[41530,3943],"class_list":{"0":"post-142194","1":"post","2":"type-post","3":"status-publish","4":"format-standard","6":"category-destaques","7":"category-nacional","8":"tag-combate-a-dengue","9":"tag-dengue"},"_links":{"self":[{"href":"https:\/\/senoticias.com.br\/se\/wp-json\/wp\/v2\/posts\/142194"}],"collection":[{"href":"https:\/\/senoticias.com.br\/se\/wp-json\/wp\/v2\/posts"}],"about":[{"href":"https:\/\/senoticias.com.br\/se\/wp-json\/wp\/v2\/types\/post"}],"author":[{"embeddable":true,"href":"https:\/\/senoticias.com.br\/se\/wp-json\/wp\/v2\/users\/6557"}],"replies":[{"embeddable":true,"href":"https:\/\/senoticias.com.br\/se\/wp-json\/wp\/v2\/comments?post=142194"}],"version-history":[{"count":0,"href":"https:\/\/senoticias.com.br\/se\/wp-json\/wp\/v2\/posts\/142194\/revisions"}],"wp:attachment":[{"href":"https:\/\/senoticias.com.br\/se\/wp-json\/wp\/v2\/media?parent=142194"}],"wp:term":[{"taxonomy":"category","embeddable":true,"href":"https:\/\/senoticias.com.br\/se\/wp-json\/wp\/v2\/categories?post=142194"},{"taxonomy":"post_tag","embeddable":true,"href":"https:\/\/senoticias.com.br\/se\/wp-json\/wp\/v2\/tags?post=142194"}],"curies":[{"name":"wp","href":"https:\/\/api.w.org\/{rel}","templated":true}]}}