{"id":142162,"date":"2024-04-29T09:41:01","date_gmt":"2024-04-29T12:41:01","guid":{"rendered":"https:\/\/senoticias.com.br\/se\/?p=142162"},"modified":"2024-04-29T09:41:14","modified_gmt":"2024-04-29T12:41:14","slug":"policia-militar-prende-condutor-por-suspeita-de-embriaguez-ao-volante-na-zona-norte-de-aracaju","status":"publish","type":"post","link":"https:\/\/senoticias.com.br\/se\/policia-militar-prende-condutor-por-suspeita-de-embriaguez-ao-volante-na-zona-norte-de-aracaju\/","title":{"rendered":"Pol\u00edcia Militar prende condutor por suspeita de embriaguez ao volante na Zona Norte de Aracaju"},"content":{"rendered":"\n<p>Policiais da For\u00e7a T\u00e1tica do 8\u00ba Batalh\u00e3o de Pol\u00edcia Militar (8\u00ba BPM) prenderam o condutor de um ve\u00edculo por suspeita de embriaguez. O flagrante aconteceu no Bairro Santos Dumont, no \u00faltimo s\u00e1bado, 27.<\/p>\n\n\n\n<figure class=\"wp-block-image size-large\"><img loading=\"lazy\" decoding=\"async\" width=\"599\" height=\"399\" src=\"https:\/\/senoticias.com.br\/se\/wp-content\/uploads\/2024\/04\/policia-militar-e1714394315172.jpg\" alt=\"\" class=\"wp-image-142164\"\/><figcaption>Flagrante aconteceu no bairro Santos Dumont<\/figcaption><\/figure>\n\n\n\n<p>Durante rondas de rotina, os policiais receberam a informa\u00e7\u00e3o de que havia um ve\u00edculo em que o condutor estava em atitude suspeita nas imedia\u00e7\u00f5es da Rua Cabo Hermenegildo.<\/p>\n\n\n\n<p>Assim que percebeu a chegada da equipe policial, o motorista tentou fugir na dire\u00e7\u00e3o da Avenida Visconde de Maracaju, onde recebeu voz de parada.<\/p>\n\n\n\n<p>Na abordagem, os policiais perceberam que o homem apresentava sinais de embriaguez, como dificuldade para se comunicar, forte odor et\u00edlico e olhos vermelhos.<\/p>\n\n\n\n<p>Al\u00e9m das evid\u00eancias f\u00edsicas, os policiais encontraram diversas latas de cerveja vazias e um recipiente com res\u00edduos de subst\u00e2ncia semelhante \u00e0 coca\u00edna dentro do ve\u00edculo do suspeito.<\/p>\n\n\n\n<p>O condutor se recusou a fazer o teste do etil\u00f4metro (baf\u00f4metro) mas, diante das evid\u00eancias, foi encaminhado \u00e0 delegacia por suspeita de embriaguez ao volante.<\/p>\n\n\n\n<p><strong><em>A<strong><em>companhe tamb\u00e9m o SE Not\u00edcias no\u00a0<a rel=\"noreferrer noopener\" href=\"https:\/\/www.instagram.com\/senoticias\/\" target=\"_blank\">Instagram<\/a><\/em><\/strong><\/em><\/strong>,\u00a0<strong><em><strong><em>\u00a0<a rel=\"noreferrer noopener\" href=\"https:\/\/www.facebook.com\/senoticias1\" target=\"_blank\">Facebook<\/a>\u00a0e<\/em><\/strong><\/em><\/strong>\u00a0<strong><em>no<\/em>\u00a0<em><a href=\"https:\/\/twitter.com\/Senoticias\">X<\/a><\/em><\/strong><\/p>\n\n\n\n<p>Fonte: Ascom PM\/SE<\/p>\n","protected":false},"excerpt":{"rendered":"<p>Policiais da For\u00e7a T\u00e1tica do 8\u00ba Batalh\u00e3o de Pol\u00edcia Militar (8\u00ba BPM) prenderam o condutor de um ve\u00edculo por suspeita de embriaguez. O flagrante aconteceu no Bairro Santos Dumont, no \u00faltimo s\u00e1bado, 27. Durante rondas de rotina, os policiais receberam a informa\u00e7\u00e3o de que havia um ve\u00edculo em que o condutor estava em atitude suspeita [&hellip;]<\/p>\n","protected":false},"author":6557,"featured_media":0,"comment_status":"closed","ping_status":"closed","sticky":false,"template":"","format":"standard","meta":{"footnotes":""},"categories":[15,7],"tags":[12516,86],"class_list":{"0":"post-142162","1":"post","2":"type-post","3":"status-publish","4":"format-standard","6":"category-destaques","7":"category-policia","8":"tag-embriaguez-ao-volante","9":"tag-policia-militar"},"_links":{"self":[{"href":"https:\/\/senoticias.com.br\/se\/wp-json\/wp\/v2\/posts\/142162"}],"collection":[{"href":"https:\/\/senoticias.com.br\/se\/wp-json\/wp\/v2\/posts"}],"about":[{"href":"https:\/\/senoticias.com.br\/se\/wp-json\/wp\/v2\/types\/post"}],"author":[{"embeddable":true,"href":"https:\/\/senoticias.com.br\/se\/wp-json\/wp\/v2\/users\/6557"}],"replies":[{"embeddable":true,"href":"https:\/\/senoticias.com.br\/se\/wp-json\/wp\/v2\/comments?post=142162"}],"version-history":[{"count":0,"href":"https:\/\/senoticias.com.br\/se\/wp-json\/wp\/v2\/posts\/142162\/revisions"}],"wp:attachment":[{"href":"https:\/\/senoticias.com.br\/se\/wp-json\/wp\/v2\/media?parent=142162"}],"wp:term":[{"taxonomy":"category","embeddable":true,"href":"https:\/\/senoticias.com.br\/se\/wp-json\/wp\/v2\/categories?post=142162"},{"taxonomy":"post_tag","embeddable":true,"href":"https:\/\/senoticias.com.br\/se\/wp-json\/wp\/v2\/tags?post=142162"}],"curies":[{"name":"wp","href":"https:\/\/api.w.org\/{rel}","templated":true}]}}