{"id":142137,"date":"2024-04-27T16:34:32","date_gmt":"2024-04-27T19:34:32","guid":{"rendered":"https:\/\/senoticias.com.br\/se\/?p=142137"},"modified":"2024-04-27T16:34:41","modified_gmt":"2024-04-27T19:34:41","slug":"bolsonaro-visita-mercados-centrais-de-aracaju-neste-sabado-27","status":"publish","type":"post","link":"https:\/\/senoticias.com.br\/se\/bolsonaro-visita-mercados-centrais-de-aracaju-neste-sabado-27\/","title":{"rendered":"Bolsonaro visita mercados centrais de Aracaju neste s\u00e1bado (27)"},"content":{"rendered":"\n<p><\/p>\n\n\n\n<figure class=\"wp-block-image size-large\"><img loading=\"lazy\" decoding=\"async\" width=\"555\" height=\"312\" src=\"https:\/\/senoticias.com.br\/se\/wp-content\/uploads\/2024\/04\/Jair-Bolsonaro-Se-Noticias.jpg\" alt=\"\" class=\"wp-image-142138\" srcset=\"https:\/\/senoticias.com.br\/se\/wp-content\/uploads\/2024\/04\/Jair-Bolsonaro-Se-Noticias.jpg 555w, https:\/\/senoticias.com.br\/se\/wp-content\/uploads\/2024\/04\/Jair-Bolsonaro-Se-Noticias-300x169.jpg 300w\" sizes=\"(max-width: 555px) 100vw, 555px\" \/><figcaption>Bolsonaro visitou os mercados centrais de Aracaju neste s\u00e1bado &#8211;  Foto: redes sociais<\/figcaption><\/figure>\n\n\n\n<p>Na manh\u00e3 deste s\u00e1bado (27), o ex-presidente Jair Bolsonaro deu continuidade ao passeio em Sergipe e visitou os mercados centrais de Aracaju.<\/p>\n\n\n\n<p>Recebido por apoiadores, entre comerciantes e apoiadores, Bolsonaro tirou fotos com o p\u00fablico e caminhou pela pra\u00e7a Hilton Lopes. Al\u00e9m disso, ele concedeu uma entrevista exclusiva para a TV Atalaia, falou sobre a gest\u00e3o dele enquanto presidente e agradeceu pela receptividade dos sergipanos.<\/p>\n\n\n\n<p>Ele seguir\u00e1 o passeio em Nossa Senhora do Socorro, onde alguns apoiadores j\u00e1 o aguardam para conhec\u00ea-lo. Em seguida, Bolsonaro vai para o bairro Aruana, visitar os moradores locais.<\/p>\n\n\n\n<p>O ex-presidente chegou em Aracaju na manh\u00e3 de ontem (26), foi recepcionado pelo senador La\u00e9rcio Oliveira (PP), o deputado federal Rodrigo Valadares (Uni\u00e3o Brasil), o deputado estadual Luiz\u00e3o Donatrampi (Uni\u00e3o Brasil) e o ex-deputado federal Jo\u00e3o Fontes. Todos seguiram em uma caminhonete com Bolsonaro.<\/p>\n\n\n\n<p>Almo\u00e7ou no Restaurante Sal e Brasa, quando esteve presente a pr\u00e9-candidata a prefeita de Aracaju, vereadora Em\u00edlia Corr\u00eaa (PL).<\/p>\n\n\n\n<p>Depois foi para a sede do PL, onde fez um discurso. Falou do seu governo, o que fez pelo Brasil, das persegui\u00e7\u00f5es que vem sofrendo, dos valores da fam\u00edlia e da p\u00e1tria. Tamb\u00e9m fizeram uso da palavra Jo\u00e3o Fontes e os deputados Rodrigo Valadares e Donatrampi. Declararam apoio ao ex-presidente.<\/p>\n\n\n\n<p><strong><em>A<strong><em>companhe tamb\u00e9m o SE Not\u00edcias no\u00a0<a rel=\"noreferrer noopener\" href=\"https:\/\/www.instagram.com\/senoticias\/\" target=\"_blank\">Instagram<\/a><\/em><\/strong><\/em><\/strong>,\u00a0<strong><em><strong><em>\u00a0<a rel=\"noreferrer noopener\" href=\"https:\/\/www.facebook.com\/senoticias1\" target=\"_blank\">Facebook<\/a>\u00a0e<\/em><\/strong><\/em><\/strong>\u00a0<strong><em>no<\/em>\u00a0<em><a href=\"https:\/\/twitter.com\/Senoticias\">X<\/a><\/em><\/strong><\/p>\n\n\n\n<p>Com informa\u00e7\u00f5es de Rita Oliveira e A8se.com.br<\/p>\n","protected":false},"excerpt":{"rendered":"<p>Na manh\u00e3 deste s\u00e1bado (27), o ex-presidente Jair Bolsonaro deu continuidade ao passeio em Sergipe e visitou os mercados centrais de Aracaju. Recebido por apoiadores, entre comerciantes e apoiadores, Bolsonaro tirou fotos com o p\u00fablico e caminhou pela pra\u00e7a Hilton Lopes. Al\u00e9m disso, ele concedeu uma entrevista exclusiva para a TV Atalaia, falou sobre a [&hellip;]<\/p>\n","protected":false},"author":6557,"featured_media":0,"comment_status":"closed","ping_status":"closed","sticky":false,"template":"","format":"standard","meta":{"footnotes":""},"categories":[15,6],"tags":[41511,15743,6189],"class_list":{"0":"post-142137","1":"post","2":"type-post","3":"status-publish","4":"format-standard","6":"category-destaques","7":"category-politica","8":"tag-bolsonaro-em-aracaju","9":"tag-bolsonaro-em-sergipe","10":"tag-jair-bolsonaro"},"_links":{"self":[{"href":"https:\/\/senoticias.com.br\/se\/wp-json\/wp\/v2\/posts\/142137"}],"collection":[{"href":"https:\/\/senoticias.com.br\/se\/wp-json\/wp\/v2\/posts"}],"about":[{"href":"https:\/\/senoticias.com.br\/se\/wp-json\/wp\/v2\/types\/post"}],"author":[{"embeddable":true,"href":"https:\/\/senoticias.com.br\/se\/wp-json\/wp\/v2\/users\/6557"}],"replies":[{"embeddable":true,"href":"https:\/\/senoticias.com.br\/se\/wp-json\/wp\/v2\/comments?post=142137"}],"version-history":[{"count":0,"href":"https:\/\/senoticias.com.br\/se\/wp-json\/wp\/v2\/posts\/142137\/revisions"}],"wp:attachment":[{"href":"https:\/\/senoticias.com.br\/se\/wp-json\/wp\/v2\/media?parent=142137"}],"wp:term":[{"taxonomy":"category","embeddable":true,"href":"https:\/\/senoticias.com.br\/se\/wp-json\/wp\/v2\/categories?post=142137"},{"taxonomy":"post_tag","embeddable":true,"href":"https:\/\/senoticias.com.br\/se\/wp-json\/wp\/v2\/tags?post=142137"}],"curies":[{"name":"wp","href":"https:\/\/api.w.org\/{rel}","templated":true}]}}