{"id":142135,"date":"2024-04-27T15:46:08","date_gmt":"2024-04-27T18:46:08","guid":{"rendered":"https:\/\/senoticias.com.br\/se\/?p=142135"},"modified":"2024-04-27T15:46:14","modified_gmt":"2024-04-27T18:46:14","slug":"ex-prefeitos-de-maruim-aderem-a-pre-candidatura-de-jeferson-santana","status":"publish","type":"post","link":"https:\/\/senoticias.com.br\/se\/ex-prefeitos-de-maruim-aderem-a-pre-candidatura-de-jeferson-santana\/","title":{"rendered":"Ex-prefeitos de Maruim aderem \u00e0 pr\u00e9-candidatura de Jeferson Santana"},"content":{"rendered":"\n<p><\/p>\n\n\n\n<p>Os ex-prefeitos de Maruim, Evenor de Sena e Silva e Ednalva Nascimento de Sena e Silva, aderiram \u00e0 pr\u00e9-candidatura de Jeferson Santana a prefeito pelo Uni\u00e3o Brasil. Os dois estiveram em um evento denominado \u201cCaf\u00e9 com Uni\u00e3o\u201d, organizado pelas mulheres do do Diret\u00f3rio Municipal Uni\u00e3o Brasil, na noite desta sexta-feira (26), no Bairro S\u00e3o Jos\u00e9, em Maruim\/SE. O m\u00e9dico aposentado, Dr. Evenor, administrou Maruim de 1993 a 1996. Dona Ednalva, sua esposa, foi a gestora do Munic\u00edpio de 2001 a 2004.<\/p>\n\n\n\n<figure class=\"wp-block-image size-large\"><img loading=\"lazy\" decoding=\"async\" width=\"589\" height=\"332\" src=\"https:\/\/senoticias.com.br\/se\/wp-content\/uploads\/2024\/04\/Reuniao-Uniao-Brasil-Maruim-SE-Noticias.jpeg\" alt=\"\" class=\"wp-image-142136\" srcset=\"https:\/\/senoticias.com.br\/se\/wp-content\/uploads\/2024\/04\/Reuniao-Uniao-Brasil-Maruim-SE-Noticias.jpeg 589w, https:\/\/senoticias.com.br\/se\/wp-content\/uploads\/2024\/04\/Reuniao-Uniao-Brasil-Maruim-SE-Noticias-300x169.jpeg 300w\" sizes=\"(max-width: 589px) 100vw, 589px\" \/><figcaption>Ex-prefeitos aderem \u00e0 pr\u00e9-candidatura de Jeferson Santana &#8211; Foto: ascom\/Divulga\u00e7\u00e3o<\/figcaption><\/figure>\n\n\n\n<p>O ex-prefeito de Maruim, Jeferson Santana, tamb\u00e9m j\u00e1 havia anunciado outros importantes apoiadores da sua pr\u00e9-candidatura a prefeito do munic\u00edpio para as elei\u00e7\u00f5es deste ano, como o ex-deputado federal e presidente do Uni\u00e3o Brasil, em Sergipe, Andr\u00e9 Moura; o deputado estadual Cristiano Cavalcante, l\u00edder do governo Mitidieri na Assembleia Legislativa; e a deputada federal Yandra Moura, pr\u00e9-candidata a prefeita da capital sergipana, Aracaju.<\/p>\n\n\n\n<p>Segundo o pr\u00e9-candidato a prefeito de Maruim, Jeferson Santana, essas ades\u00f5es s\u00e3o importantes, pois demonstram o fortalecimento do agrupamento. \u201cQuero seguir com apoio dos amigos nesta caminhada pelo resgate de nossa querida Maruim, nos colocando como a \u00fanica op\u00e7\u00e3o que demonstrou ser capaz de realizar grandes obras e a\u00e7\u00f5es, mudando consideravelmente a qualidade de vida da popula\u00e7\u00e3o maruinense. Tenho orgulho de ser filho de Maruim e de ser o \u00fanico prefeito reeleito na hist\u00f3ria do nosso munic\u00edpio\u201d, declarou Jeferson Santana.<\/p>\n\n\n\n<p>Jeferson Santana administrou o munic\u00edpio por tr\u00eas mandatos, de 2005 a 2008, 2013 a 2016 e 2017 a 2020. Durante sua gest\u00e3o, foram realizadas diversas obras e servi\u00e7os marcantes, como a constru\u00e7\u00e3o de unidades b\u00e1sicas de sa\u00fade (Bairro Lachez, Conjunto Albano Franco, Povoado Pau Ferro e Povoado Oiteiros); Disponibilidade de ambul\u00e2ncias nos povoados Oiteiros, Mata de S\u00e3o Jos\u00e9 e Pau Ferro; Constru\u00e7\u00e3o das quadras de esportes (Bairro S\u00e3o Jos\u00e9, Povoados Pau Ferro e Caititu); Constru\u00e7\u00e3o do balne\u00e1rio do Parque Otto Schramm; Constru\u00e7\u00e3o das pra\u00e7as da Bandeira (Pra\u00e7a do Tamarineiro) e da pra\u00e7a do Conjunto Jo\u00e3o Paulo II; Constru\u00e7\u00e3o do CRAS da Rua Bras\u00edlia; Constru\u00e7\u00e3o da pista de skate do Bairro Lachez; Reforma do Cal\u00e7ad\u00e3o Hor\u00e1cio Martins e das pra\u00e7as da Matriz e do Bairro Lachez; Duplica\u00e7\u00e3o da Avenida Lourival Batista, hoje denominada Avenida Gilberto Costa; Reforma do mercado de verdura e carne verde; Aquisi\u00e7\u00e3o de dois caminh\u00f5es compactadores de lixo; Implanta\u00e7\u00e3o da pavimenta\u00e7\u00e3o asf\u00e1ltica em diversos bairros; Constru\u00e7\u00e3o do p\u00f3rtico da principal entrada da cidade; Reativa\u00e7\u00e3o do plant\u00e3o m\u00e9dico 24 horas; Resgate do grupo folcl\u00f3rico Chegan\u00e7a do Bairro S\u00e3o Jos\u00e9; Aquisi\u00e7\u00e3o do terreno para amplia\u00e7\u00e3o do cemit\u00e9rio; Disponibilidade de subven\u00e7\u00e3o mensal para a Euterpe Maruinense e para a quadrilha junina Rala Rala.<\/p>\n\n\n\n<p><strong><em>A<strong><em>companhe tamb\u00e9m o SE Not\u00edcias no\u00a0<a rel=\"noreferrer noopener\" href=\"https:\/\/www.instagram.com\/senoticias\/\" target=\"_blank\">Instagram<\/a><\/em><\/strong><\/em><\/strong>,\u00a0<strong><em><strong><em>\u00a0<a rel=\"noreferrer noopener\" href=\"https:\/\/www.facebook.com\/senoticias1\" target=\"_blank\">Facebook<\/a>\u00a0e<\/em><\/strong><\/em><\/strong>\u00a0<strong><em>no<\/em>\u00a0<em><a href=\"https:\/\/twitter.com\/Senoticias\">X<\/a><\/em><\/strong><\/p>\n\n\n\n<p>Fonte: ascom\/divulga\u00e7\u00e3o<\/p>\n","protected":false},"excerpt":{"rendered":"<p>Os ex-prefeitos de Maruim, Evenor de Sena e Silva e Ednalva Nascimento de Sena e Silva, aderiram \u00e0 pr\u00e9-candidatura de Jeferson Santana a prefeito pelo Uni\u00e3o Brasil. Os dois estiveram em um evento denominado \u201cCaf\u00e9 com Uni\u00e3o\u201d, organizado pelas mulheres do do Diret\u00f3rio Municipal Uni\u00e3o Brasil, na noite desta sexta-feira (26), no Bairro S\u00e3o Jos\u00e9, [&hellip;]<\/p>\n","protected":false},"author":6557,"featured_media":0,"comment_status":"closed","ping_status":"closed","sticky":false,"template":"","format":"standard","meta":{"footnotes":""},"categories":[15,38],"tags":[41510,3487,732,35092],"class_list":{"0":"post-142135","1":"post","2":"type-post","3":"status-publish","4":"format-standard","6":"category-destaques","7":"category-municipios","8":"tag-jeferson-santana","9":"tag-maruim","10":"tag-prefeitura-de-maruim","11":"tag-uniao-brasil"},"_links":{"self":[{"href":"https:\/\/senoticias.com.br\/se\/wp-json\/wp\/v2\/posts\/142135"}],"collection":[{"href":"https:\/\/senoticias.com.br\/se\/wp-json\/wp\/v2\/posts"}],"about":[{"href":"https:\/\/senoticias.com.br\/se\/wp-json\/wp\/v2\/types\/post"}],"author":[{"embeddable":true,"href":"https:\/\/senoticias.com.br\/se\/wp-json\/wp\/v2\/users\/6557"}],"replies":[{"embeddable":true,"href":"https:\/\/senoticias.com.br\/se\/wp-json\/wp\/v2\/comments?post=142135"}],"version-history":[{"count":0,"href":"https:\/\/senoticias.com.br\/se\/wp-json\/wp\/v2\/posts\/142135\/revisions"}],"wp:attachment":[{"href":"https:\/\/senoticias.com.br\/se\/wp-json\/wp\/v2\/media?parent=142135"}],"wp:term":[{"taxonomy":"category","embeddable":true,"href":"https:\/\/senoticias.com.br\/se\/wp-json\/wp\/v2\/categories?post=142135"},{"taxonomy":"post_tag","embeddable":true,"href":"https:\/\/senoticias.com.br\/se\/wp-json\/wp\/v2\/tags?post=142135"}],"curies":[{"name":"wp","href":"https:\/\/api.w.org\/{rel}","templated":true}]}}