{"id":142087,"date":"2024-04-24T10:28:39","date_gmt":"2024-04-24T13:28:39","guid":{"rendered":"https:\/\/senoticias.com.br\/se\/?p=142087"},"modified":"2024-04-24T10:28:47","modified_gmt":"2024-04-24T13:28:47","slug":"libras-emilia-ressalta-a-importancia-da-lingua-brasileira-de-sinais","status":"publish","type":"post","link":"https:\/\/senoticias.com.br\/se\/libras-emilia-ressalta-a-importancia-da-lingua-brasileira-de-sinais\/","title":{"rendered":"Libras: Em\u00edlia ressalta a import\u00e2ncia da L\u00edngua Brasileira de Sinais"},"content":{"rendered":"\n<p>Conhecida como um aspecto importante na comunica\u00e7\u00e3o de surdos e ouvintes, que tamb\u00e9m est\u00e1 relacionada com a inclus\u00e3o na sociedade, na data que marca o Dia da L\u00edngua Brasileira de Sinais (Libras), a pr\u00e9-candidata \u00e0 Prefeitura de Aracaju, Em\u00edlia Corr\u00eaa(PL) usou suas redes sociais para ressaltar a import\u00e2ncia desta ferramenta de inclus\u00e3o social na sociedade.<\/p>\n\n\n\n<figure class=\"wp-block-image size-large\"><img loading=\"lazy\" decoding=\"async\" width=\"1024\" height=\"682\" src=\"https:\/\/senoticias.com.br\/se\/wp-content\/uploads\/2024\/04\/emilia-correia-senoticias-2-1024x682.jpeg\" alt=\"\" class=\"wp-image-142088\"\/><figcaption>Foto: Gilton Rosas<\/figcaption><\/figure>\n\n\n\n<p>Libras \u00e9 o conjunto de formas gestuais utilizado por pessoas surdas para sua comunica\u00e7\u00e3o. Diferente do Portugu\u00eas, que \u00e9 uma l\u00edngua com modalidade oral-auditiva, a Libras \u00e9 uma l\u00edngua visual-espacial.<\/p>\n\n\n\n<p>\u201c\u00c9 urgente a necessidade de termos, de fato, uma cidade mais inclusiva, humanizada. Estas pessoas tamb\u00e9m precisam serem ouvidas, terem seus problemas solucionados o que \u00e9, na mais, que dever dos gestores. Existem leis para isso. J\u00e1 vivem com certas priva\u00e7\u00f5es. A Libras, por exemplo, \u00e9 algo todos deveriam ter acesso, trata-se de uma ferramenta important\u00edssima, mas dependem da difus\u00e3o desse conhecimento. S\u00f3 teremos comunica\u00e7\u00e3o efetiva quando qualquer cidad\u00e3o tamb\u00e9m for capaz de se comunicar com as pessoas surdas por meio da libras\u201d explicou.<\/p>\n\n\n\n<p>Em\u00edlia tamb\u00e9m se comprometeu, caso chegue ao Executivo, propiciar pol\u00edticas p\u00fablicas para esta classe importante e significativa da popula\u00e7\u00e3o.<\/p>\n\n\n\n<p>\u201cMais que celebra\u00e7\u00e3o. A luta dessa comunidade para ter reconhecidos os pr\u00f3prios direitos foi extensa e merece todo o respeito. A regulamenta\u00e7\u00e3o da educa\u00e7\u00e3o bil\u00edngue, para pessoas surdas, por exemplo, foi uma grande vit\u00f3ria e um marco para a diminui\u00e7\u00e3o do preconceito e da desigualdade. \u00c9 desta forma que pensamos e queremos concretizar. Propondo<br>diversas iniciativas, divulgando e ensinando a l\u00edngua brasileira de sinais, com o objetivo de promover a inclus\u00e3o e a acessibilidade desse p\u00fablico\u201d, argumentou.<\/p>\n\n\n\n<p><strong><em>A<strong><em>companhe tamb\u00e9m o SE Not\u00edcias no&nbsp;<a rel=\"noreferrer noopener\" href=\"https:\/\/www.instagram.com\/senoticias\/\" target=\"_blank\">Instagram<\/a><\/em><\/strong><\/em><\/strong>,&nbsp;<strong><em><strong><em>&nbsp;<a rel=\"noreferrer noopener\" href=\"https:\/\/www.facebook.com\/senoticias1\" target=\"_blank\">Facebook<\/a>&nbsp;e<\/em><\/strong><\/em><\/strong>&nbsp;<strong><em>no<\/em>&nbsp;<em><a href=\"https:\/\/twitter.com\/Senoticias\">X<\/a><\/em><\/strong><\/p>\n\n\n\n<p>Fonte: Ascom\/EC<\/p>\n","protected":false},"excerpt":{"rendered":"<p>Conhecida como um aspecto importante na comunica\u00e7\u00e3o de surdos e ouvintes, que tamb\u00e9m est\u00e1 relacionada com a inclus\u00e3o na sociedade, na data que marca o Dia da L\u00edngua Brasileira de Sinais (Libras), a pr\u00e9-candidata \u00e0 Prefeitura de Aracaju, Em\u00edlia Corr\u00eaa(PL) usou suas redes sociais para ressaltar a import\u00e2ncia desta ferramenta de inclus\u00e3o social na sociedade. [&hellip;]<\/p>\n","protected":false},"author":6557,"featured_media":0,"comment_status":"closed","ping_status":"closed","sticky":false,"template":"","format":"standard","meta":{"footnotes":""},"categories":[15,6],"tags":[6198,6594],"class_list":{"0":"post-142087","1":"post","2":"type-post","3":"status-publish","4":"format-standard","6":"category-destaques","7":"category-politica","8":"tag-emilia-correa","9":"tag-libras"},"_links":{"self":[{"href":"https:\/\/senoticias.com.br\/se\/wp-json\/wp\/v2\/posts\/142087"}],"collection":[{"href":"https:\/\/senoticias.com.br\/se\/wp-json\/wp\/v2\/posts"}],"about":[{"href":"https:\/\/senoticias.com.br\/se\/wp-json\/wp\/v2\/types\/post"}],"author":[{"embeddable":true,"href":"https:\/\/senoticias.com.br\/se\/wp-json\/wp\/v2\/users\/6557"}],"replies":[{"embeddable":true,"href":"https:\/\/senoticias.com.br\/se\/wp-json\/wp\/v2\/comments?post=142087"}],"version-history":[{"count":0,"href":"https:\/\/senoticias.com.br\/se\/wp-json\/wp\/v2\/posts\/142087\/revisions"}],"wp:attachment":[{"href":"https:\/\/senoticias.com.br\/se\/wp-json\/wp\/v2\/media?parent=142087"}],"wp:term":[{"taxonomy":"category","embeddable":true,"href":"https:\/\/senoticias.com.br\/se\/wp-json\/wp\/v2\/categories?post=142087"},{"taxonomy":"post_tag","embeddable":true,"href":"https:\/\/senoticias.com.br\/se\/wp-json\/wp\/v2\/tags?post=142087"}],"curies":[{"name":"wp","href":"https:\/\/api.w.org\/{rel}","templated":true}]}}