{"id":142056,"date":"2024-04-22T19:09:59","date_gmt":"2024-04-22T22:09:59","guid":{"rendered":"https:\/\/senoticias.com.br\/se\/?p=142056"},"modified":"2024-04-22T19:12:22","modified_gmt":"2024-04-22T22:12:22","slug":"policia-federal-e-abin-investigam-invasao-e-desvio-de-recursos-de-sistema-de-pagamentos-do-governo","status":"publish","type":"post","link":"https:\/\/senoticias.com.br\/se\/policia-federal-e-abin-investigam-invasao-e-desvio-de-recursos-de-sistema-de-pagamentos-do-governo\/","title":{"rendered":"Pol\u00edcia Federal e Abin investigam invas\u00e3o e desvio de recursos de sistema de pagamentos do governo"},"content":{"rendered":"\n<p><\/p>\n\n\n\n<p>A Pol\u00edcia Federal (PF) e a Ag\u00eancia Brasileira de Intelig\u00eancia (Abin) investigam uma suposta invas\u00e3o ao Sistema Integrado de Administra\u00e7\u00e3o Financeira (Siafi), o sistema de pagamentos do governo federal, ocorrida no come\u00e7o de abril. H\u00e1 suspeita de desvio de recursos da Uni\u00e3o, publicou o jornal Folha de S.Paulo.<\/p>\n\n\n\n<figure class=\"wp-block-image size-large\"><img loading=\"lazy\" decoding=\"async\" width=\"663\" height=\"451\" src=\"https:\/\/senoticias.com.br\/se\/wp-content\/uploads\/2023\/03\/Policia-Federal-SE-Noticias.png\" alt=\"\" class=\"wp-image-136377\" srcset=\"https:\/\/senoticias.com.br\/se\/wp-content\/uploads\/2023\/03\/Policia-Federal-SE-Noticias.png 663w, https:\/\/senoticias.com.br\/se\/wp-content\/uploads\/2023\/03\/Policia-Federal-SE-Noticias-300x204.png 300w, https:\/\/senoticias.com.br\/se\/wp-content\/uploads\/2023\/03\/Policia-Federal-SE-Noticias-90x60.png 90w, https:\/\/senoticias.com.br\/se\/wp-content\/uploads\/2023\/03\/Policia-Federal-SE-Noticias-95x64.png 95w\" sizes=\"(max-width: 663px) 100vw, 663px\" \/><figcaption>Segundo a Pol\u00edcia Federal, a suspeita \u00e9 de que criminosos emitiram ordens banc\u00e1rias e desviaram recursos da Uni\u00e3o &#8211; Foto: arquivo\/Abr<\/figcaption><\/figure>\n\n\n\n<p>De acordo com a publica\u00e7\u00e3o, a investiga\u00e7\u00e3o aponta que os criminosos conseguiram emitir ordens banc\u00e1rias e desviar recursos. Agora, PF e Abin trabalham para rastrear os autores do ataque.<\/p>\n\n\n\n<p>A invas\u00e3o, segundo fontes que auxiliam nas investiga\u00e7\u00f5es, aconteceu no sistema de autentica\u00e7\u00e3o de usu\u00e1rios do sistema. Gestores habilitados para autorizar pagamentos tiveram seus logins&nbsp;usados por terceiros, que tiveram acesso a CPFs e senhas do sistema gov.br, do governo federal.&nbsp;<\/p>\n\n\n\n<p>H\u00e1 ind\u00edcios, ainda, de que a coleta de dados de acesso se estendeu por meses, at\u00e9 que os criminosos tivessem uma quantidade significativa para realizar o ataque. Uma das invas\u00f5es aconteceu por meio do acesso de contas de gestores da C\u00e2mara dos Deputados, apontam as investiga\u00e7\u00f5es preliminares.<\/p>\n\n\n\n<p>O caso levantou suspeitas, uma vez que o CPF do gestor usado para emitir a ordem banc\u00e1ria, por meio do Pix, era o mesmo usado para liquida\u00e7\u00e3o das despesas. A administra\u00e7\u00e3o federal determina que a liquida\u00e7\u00e3o e o pagamento devem ser autorizados por gestores distintos. Outro ind\u00edcio \u00e9 de que a C\u00e2mara n\u00e3o adota pagamentos por meio do Pix.&nbsp;<\/p>\n\n\n\n<p>O Tesouro Nacional determinou, ap\u00f3s as tentativas de invas\u00e3o, que o acesso ao Siafi passaria a ser feito somente por certificado digital. Ainda assim, foram detectadas novas tentativas com o uso de certificados emitidos por empresas privadas.<\/p>\n\n\n\n<p>A emiss\u00e3o de certificados, ent\u00e3o, passou a ser feita pela Serpro, empresa p\u00fablica federal do ramo de tecnologia. O Terra\u00a0questionou a PF e a Abin sobre as investiga\u00e7\u00f5es, assim como o Tesouro Nacional sobre os casos. O espa\u00e7o segue aberto.<\/p>\n\n\n\n<p><strong><em>A<strong><em>companhe tamb\u00e9m o SE Not\u00edcias no\u00a0<a rel=\"noreferrer noopener\" href=\"https:\/\/www.instagram.com\/senoticias\/\" target=\"_blank\">Instagram<\/a><\/em><\/strong><\/em><\/strong>,\u00a0<strong><em><strong><em>\u00a0<a rel=\"noreferrer noopener\" href=\"https:\/\/www.facebook.com\/senoticias1\" target=\"_blank\">Facebook<\/a>\u00a0e<\/em><\/strong><\/em><\/strong>\u00a0<strong><em>no<\/em>\u00a0<em><a href=\"https:\/\/twitter.com\/Senoticias\">X<\/a><\/em><\/strong><\/p>\n\n\n\n<p>Fonte: Portal Terra<\/p>\n","protected":false},"excerpt":{"rendered":"<p>A Pol\u00edcia Federal (PF) e a Ag\u00eancia Brasileira de Intelig\u00eancia (Abin) investigam uma suposta invas\u00e3o ao Sistema Integrado de Administra\u00e7\u00e3o Financeira (Siafi), o sistema de pagamentos do governo federal, ocorrida no come\u00e7o de abril. H\u00e1 suspeita de desvio de recursos da Uni\u00e3o, publicou o jornal Folha de S.Paulo. De acordo com a publica\u00e7\u00e3o, a investiga\u00e7\u00e3o [&hellip;]<\/p>\n","protected":false},"author":6557,"featured_media":0,"comment_status":"closed","ping_status":"closed","sticky":false,"template":"","format":"standard","meta":{"footnotes":""},"categories":[15,2961,1],"tags":[4851,35161,1947],"class_list":{"0":"post-142056","1":"post","2":"type-post","3":"status-publish","4":"format-standard","6":"category-destaques","7":"category-nacional","8":"category-sem-categoria","9":"tag-abin","10":"tag-desvio-de-recursos","11":"tag-policia-federal"},"_links":{"self":[{"href":"https:\/\/senoticias.com.br\/se\/wp-json\/wp\/v2\/posts\/142056"}],"collection":[{"href":"https:\/\/senoticias.com.br\/se\/wp-json\/wp\/v2\/posts"}],"about":[{"href":"https:\/\/senoticias.com.br\/se\/wp-json\/wp\/v2\/types\/post"}],"author":[{"embeddable":true,"href":"https:\/\/senoticias.com.br\/se\/wp-json\/wp\/v2\/users\/6557"}],"replies":[{"embeddable":true,"href":"https:\/\/senoticias.com.br\/se\/wp-json\/wp\/v2\/comments?post=142056"}],"version-history":[{"count":0,"href":"https:\/\/senoticias.com.br\/se\/wp-json\/wp\/v2\/posts\/142056\/revisions"}],"wp:attachment":[{"href":"https:\/\/senoticias.com.br\/se\/wp-json\/wp\/v2\/media?parent=142056"}],"wp:term":[{"taxonomy":"category","embeddable":true,"href":"https:\/\/senoticias.com.br\/se\/wp-json\/wp\/v2\/categories?post=142056"},{"taxonomy":"post_tag","embeddable":true,"href":"https:\/\/senoticias.com.br\/se\/wp-json\/wp\/v2\/tags?post=142056"}],"curies":[{"name":"wp","href":"https:\/\/api.w.org\/{rel}","templated":true}]}}