{"id":142028,"date":"2024-04-19T11:56:52","date_gmt":"2024-04-19T14:56:52","guid":{"rendered":"https:\/\/senoticias.com.br\/se\/?p=142028"},"modified":"2024-04-19T11:57:02","modified_gmt":"2024-04-19T14:57:02","slug":"policia-civil-prende-suspeito-de-agredir-a-propria-mae-em-estancia","status":"publish","type":"post","link":"https:\/\/senoticias.com.br\/se\/policia-civil-prende-suspeito-de-agredir-a-propria-mae-em-estancia\/","title":{"rendered":"Pol\u00edcia Civil prende suspeito de agredir a pr\u00f3pria m\u00e3e em Est\u00e2ncia"},"content":{"rendered":"\n<p>Nesta quinta-feira, 17, a Pol\u00edcia Civil prendeu em flagrante um suspeito de amea\u00e7ar de morte a sua pr\u00f3pria m\u00e3e em Est\u00e2ncia. Al\u00e9m disso, o homem, de 27 anos, \u00e9 investigado por arremessar um tijolo na janela da casa da v\u00edtima.<\/p>\n\n\n\n<figure class=\"wp-block-image size-large\"><img loading=\"lazy\" decoding=\"async\" width=\"584\" height=\"383\" src=\"https:\/\/senoticias.com.br\/se\/wp-content\/uploads\/2024\/04\/pc-senoticias-2-e1713538548885.jpeg\" alt=\"\" class=\"wp-image-142029\"\/><figcaption>O homem j\u00e1 foi investigado por agredir a ex-companheira\n<\/figcaption><\/figure>\n\n\n\n<p>De acordo com a delegada Marcela Souza, respons\u00e1vel pelo caso, o suspeito responde a sete inqu\u00e9ritos policiais, e j\u00e1 foi preso por viol\u00eancia dom\u00e9stica contra sua genitora e tamb\u00e9m contra sua ex-companheira.<\/p>\n\n\n\n<p>Levando em considera\u00e7\u00e3o o hist\u00f3rico criminal, a Pol\u00edcia Civil fez uma representa\u00e7\u00e3o sobre a mudan\u00e7a da pris\u00e3o em flagrante para preventiva. O pedido foi acatado pelo Poder Judici\u00e1rio e realizado pela Pol\u00edcia Militar na manh\u00e3 desta quinta. O suspeito foi levado \u00e0 Delegacia de Atendimento \u00e0 Mulher e Demais Grupos Vulner\u00e1veis.<\/p>\n\n\n\n<p>Ainda de acordo com Marcela, em casos de agress\u00e3o envolvendo filhos e genitoras, as v\u00edtimas devem ir \u00e0s delegacias requisitar a medida protetiva. Nas situa\u00e7\u00f5es em que somente a medida n\u00e3o \u00e9 suficiente, o suspeito dever\u00e1 permanecer preso.<\/p>\n\n\n\n<p><strong><em>A<strong><em>companhe tamb\u00e9m o SE Not\u00edcias no\u00a0<a rel=\"noreferrer noopener\" href=\"https:\/\/www.instagram.com\/senoticias\/\" target=\"_blank\">Instagram<\/a><\/em><\/strong><\/em><\/strong>,\u00a0<strong><em><strong><em>\u00a0<a rel=\"noreferrer noopener\" href=\"https:\/\/www.facebook.com\/senoticias1\" target=\"_blank\">Facebook<\/a>\u00a0e<\/em><\/strong><\/em><\/strong>\u00a0<strong><em>no<\/em>\u00a0<em><a href=\"https:\/\/twitter.com\/Senoticias\">X<\/a><\/em><\/strong><\/p>\n\n\n\n<p>Fonte: SSP SE<\/p>\n","protected":false},"excerpt":{"rendered":"<p>Nesta quinta-feira, 17, a Pol\u00edcia Civil prendeu em flagrante um suspeito de amea\u00e7ar de morte a sua pr\u00f3pria m\u00e3e em Est\u00e2ncia. Al\u00e9m disso, o homem, de 27 anos, \u00e9 investigado por arremessar um tijolo na janela da casa da v\u00edtima. De acordo com a delegada Marcela Souza, respons\u00e1vel pelo caso, o suspeito responde a sete [&hellip;]<\/p>\n","protected":false},"author":6557,"featured_media":0,"comment_status":"closed","ping_status":"closed","sticky":false,"template":"","format":"standard","meta":{"footnotes":""},"categories":[15,7],"tags":[8005,972,78],"class_list":{"0":"post-142028","1":"post","2":"type-post","3":"status-publish","4":"format-standard","6":"category-destaques","7":"category-policia","8":"tag-agressao","9":"tag-estancia","10":"tag-policia-civil"},"_links":{"self":[{"href":"https:\/\/senoticias.com.br\/se\/wp-json\/wp\/v2\/posts\/142028"}],"collection":[{"href":"https:\/\/senoticias.com.br\/se\/wp-json\/wp\/v2\/posts"}],"about":[{"href":"https:\/\/senoticias.com.br\/se\/wp-json\/wp\/v2\/types\/post"}],"author":[{"embeddable":true,"href":"https:\/\/senoticias.com.br\/se\/wp-json\/wp\/v2\/users\/6557"}],"replies":[{"embeddable":true,"href":"https:\/\/senoticias.com.br\/se\/wp-json\/wp\/v2\/comments?post=142028"}],"version-history":[{"count":0,"href":"https:\/\/senoticias.com.br\/se\/wp-json\/wp\/v2\/posts\/142028\/revisions"}],"wp:attachment":[{"href":"https:\/\/senoticias.com.br\/se\/wp-json\/wp\/v2\/media?parent=142028"}],"wp:term":[{"taxonomy":"category","embeddable":true,"href":"https:\/\/senoticias.com.br\/se\/wp-json\/wp\/v2\/categories?post=142028"},{"taxonomy":"post_tag","embeddable":true,"href":"https:\/\/senoticias.com.br\/se\/wp-json\/wp\/v2\/tags?post=142028"}],"curies":[{"name":"wp","href":"https:\/\/api.w.org\/{rel}","templated":true}]}}