{"id":142026,"date":"2024-04-19T11:52:41","date_gmt":"2024-04-19T14:52:41","guid":{"rendered":"https:\/\/senoticias.com.br\/se\/?p=142026"},"modified":"2024-04-20T11:55:05","modified_gmt":"2024-04-20T14:55:05","slug":"sergipe-tem-previsao-de-chuvas-intensas-hoje-e-amanha","status":"publish","type":"post","link":"https:\/\/senoticias.com.br\/se\/sergipe-tem-previsao-de-chuvas-intensas-hoje-e-amanha\/","title":{"rendered":"Sergipe tem previs\u00e3o de chuvas intensas hoje e amanh\u00e3"},"content":{"rendered":"\n<p>O Instituto Nacional de Meteorologia (Inmet) prev\u00ea acumulados de chuva acima de 100 mil\u00edmetros em algumas regi\u00f5es, com risco de tempestades e granizo. Os volumes mais expressivos est\u00e3o previstos para o leste e agreste de Sergipe e Alagoas, onde a chuva pode superar 100 mil\u00edmetros.<\/p>\n\n\n\n<figure class=\"wp-block-image size-large\"><img loading=\"lazy\" decoding=\"async\" width=\"588\" height=\"392\" src=\"https:\/\/senoticias.com.br\/se\/wp-content\/uploads\/2021\/04\/Chuvas-em-Aracaju-SE-noticias.jpg\" alt=\"\" class=\"wp-image-127748\" srcset=\"https:\/\/senoticias.com.br\/se\/wp-content\/uploads\/2021\/04\/Chuvas-em-Aracaju-SE-noticias.jpg 588w, https:\/\/senoticias.com.br\/se\/wp-content\/uploads\/2021\/04\/Chuvas-em-Aracaju-SE-noticias-300x200.jpg 300w, https:\/\/senoticias.com.br\/se\/wp-content\/uploads\/2021\/04\/Chuvas-em-Aracaju-SE-noticias-90x60.jpg 90w, https:\/\/senoticias.com.br\/se\/wp-content\/uploads\/2021\/04\/Chuvas-em-Aracaju-SE-noticias-180x120.jpg 180w, https:\/\/senoticias.com.br\/se\/wp-content\/uploads\/2021\/04\/Chuvas-em-Aracaju-SE-noticias-95x64.jpg 95w\" sizes=\"(max-width: 588px) 100vw, 588px\" \/><figcaption>Caso verifique sinais de risco, o cidad\u00e3o deve acionar a Defesa Civil &#8211; Foto: ascom\/Semdec<\/figcaption><\/figure>\n\n\n\n<p>Entre esta sexta-feira (19) e s\u00e1bado 20, chuvas intensas est\u00e3o previstas para o leste de Sergipe. O Inmet alerta para a import\u00e2ncia de acompanhar as atualiza\u00e7\u00f5es da previs\u00e3o do tempo e avisos meteorol\u00f3gicos. Segundo o Inmet, a causa das fortes chuvas \u00e9 a combina\u00e7\u00e3o de um sistema frontal que avan\u00e7a pelo sul da Bahia e a intensifica\u00e7\u00e3o da Zona de Converg\u00eancia Intertropical (ZCIT).<\/p>\n\n\n\n<p>\u00c9 importante tomar medidas de precau\u00e7\u00e3o para evitar transtornos causados pelas chuvas, como: evitar \u00e1reas de risco de inunda\u00e7\u00f5es e deslizamentos de terra; Manter-se informado sobre as condi\u00e7\u00f5es clim\u00e1ticas; Adotar medidas de seguran\u00e7a durante as chuvas.<\/p>\n\n\n\n<p><strong><em>A<strong><em>companhe tamb\u00e9m o SE Not\u00edcias no&nbsp;<a rel=\"noreferrer noopener\" href=\"https:\/\/www.instagram.com\/senoticias\/\" target=\"_blank\">Instagram<\/a><\/em><\/strong><\/em><\/strong>,&nbsp;<strong><em><strong><em>&nbsp;<a rel=\"noreferrer noopener\" href=\"https:\/\/www.facebook.com\/senoticias1\" target=\"_blank\">Facebook<\/a>&nbsp;e<\/em><\/strong><\/em><\/strong>&nbsp;<strong><em>no<\/em>&nbsp;<em><a href=\"https:\/\/twitter.com\/Senoticias\">X<\/a><\/em><\/strong><\/p>\n\n\n\n<p>Fonte: Site Udop<\/p>\n","protected":false},"excerpt":{"rendered":"<p>O Instituto Nacional de Meteorologia (Inmet) prev\u00ea acumulados de chuva acima de 100 mil\u00edmetros em algumas regi\u00f5es, com risco de tempestades e granizo. Os volumes mais expressivos est\u00e3o previstos para o leste e agreste de Sergipe e Alagoas, onde a chuva pode superar 100 mil\u00edmetros. Entre esta sexta-feira (19) e s\u00e1bado 20, chuvas intensas est\u00e3o [&hellip;]<\/p>\n","protected":false},"author":6557,"featured_media":0,"comment_status":"closed","ping_status":"closed","sticky":false,"template":"","format":"standard","meta":{"footnotes":""},"categories":[15,6],"tags":[12561,11172],"class_list":{"0":"post-142026","1":"post","2":"type-post","3":"status-publish","4":"format-standard","6":"category-destaques","7":"category-politica","8":"tag-inmet","9":"tag-previsao-de-chuvas"},"_links":{"self":[{"href":"https:\/\/senoticias.com.br\/se\/wp-json\/wp\/v2\/posts\/142026"}],"collection":[{"href":"https:\/\/senoticias.com.br\/se\/wp-json\/wp\/v2\/posts"}],"about":[{"href":"https:\/\/senoticias.com.br\/se\/wp-json\/wp\/v2\/types\/post"}],"author":[{"embeddable":true,"href":"https:\/\/senoticias.com.br\/se\/wp-json\/wp\/v2\/users\/6557"}],"replies":[{"embeddable":true,"href":"https:\/\/senoticias.com.br\/se\/wp-json\/wp\/v2\/comments?post=142026"}],"version-history":[{"count":0,"href":"https:\/\/senoticias.com.br\/se\/wp-json\/wp\/v2\/posts\/142026\/revisions"}],"wp:attachment":[{"href":"https:\/\/senoticias.com.br\/se\/wp-json\/wp\/v2\/media?parent=142026"}],"wp:term":[{"taxonomy":"category","embeddable":true,"href":"https:\/\/senoticias.com.br\/se\/wp-json\/wp\/v2\/categories?post=142026"},{"taxonomy":"post_tag","embeddable":true,"href":"https:\/\/senoticias.com.br\/se\/wp-json\/wp\/v2\/tags?post=142026"}],"curies":[{"name":"wp","href":"https:\/\/api.w.org\/{rel}","templated":true}]}}