{"id":142020,"date":"2024-04-19T11:08:54","date_gmt":"2024-04-19T14:08:54","guid":{"rendered":"https:\/\/senoticias.com.br\/se\/?p=142020"},"modified":"2024-04-19T11:40:34","modified_gmt":"2024-04-19T14:40:34","slug":"policia-civil-flagra-comerciante-por-receptacao-qualificada-de-cigarros","status":"publish","type":"post","link":"https:\/\/senoticias.com.br\/se\/policia-civil-flagra-comerciante-por-receptacao-qualificada-de-cigarros\/","title":{"rendered":"Pol\u00edcia Civil flagra comerciante por recepta\u00e7\u00e3o qualificada de cigarros"},"content":{"rendered":"\n<p>Nesta quinta-feira, 17, a Pol\u00edcia Civil prendeu em flagrante um suspeito de amea\u00e7ar de morte a sua pr\u00f3pria m\u00e3e em Est\u00e2ncia. Al\u00e9m disso, o homem, de 27 anos, \u00e9 investigado por arremessar um tijolo na janela da casa da v\u00edtima.<\/p>\n\n\n\n<p>De acordo com a delegada Marcela Souza, respons\u00e1vel pelo caso, o suspeito&nbsp;responde a sete inqu\u00e9ritos policiais, e j\u00e1 foi preso por viol\u00eancia dom\u00e9stica contra sua genitora e tamb\u00e9m contra sua ex-companheira.<\/p>\n\n\n\n<figure class=\"wp-block-image size-large\"><img loading=\"lazy\" decoding=\"async\" width=\"572\" height=\"460\" src=\"https:\/\/senoticias.com.br\/se\/wp-content\/uploads\/2024\/04\/Cigarros-se-noticias.jpeg\" alt=\"\" class=\"wp-image-142023\" srcset=\"https:\/\/senoticias.com.br\/se\/wp-content\/uploads\/2024\/04\/Cigarros-se-noticias.jpeg 572w, https:\/\/senoticias.com.br\/se\/wp-content\/uploads\/2024\/04\/Cigarros-se-noticias-300x241.jpeg 300w, https:\/\/senoticias.com.br\/se\/wp-content\/uploads\/2024\/04\/Cigarros-se-noticias-45x35.jpeg 45w\" sizes=\"(max-width: 572px) 100vw, 572px\" \/><figcaption>500 carteiras de cigarros foram apreendidas na a\u00e7\u00e3o &#8211; Foto: ascom\/SSP\/SE<\/figcaption><\/figure>\n\n\n\n<p>Levando em considera\u00e7\u00e3o o hist\u00f3rico criminal, a Pol\u00edcia Civil fez uma representa\u00e7\u00e3o sobre a mudan\u00e7a da pris\u00e3o em flagrante para&nbsp;preventiva. O pedido foi acatado pelo Poder Judici\u00e1rio e realizado pela Pol\u00edcia Militar na manh\u00e3 desta quinta. O suspeito foi levado \u00e0 Delegacia de Atendimento \u00e0 Mulher e Demais Grupos Vulner\u00e1veis.<\/p>\n\n\n\n<p>Ainda de acordo com Marcela, em casos de agress\u00e3o envolvendo filhos e genitoras, as v\u00edtimas devem ir\u00a0\u00e0s delegacias requisitar a medida protetiva. Nas situa\u00e7\u00f5es em que somente a medida n\u00e3o \u00e9 suficiente, o suspeito dever\u00e1 permanecer preso.<\/p>\n\n\n\n<p><strong><em><strong><em>Acompanhe tamb\u00e9m o SE Not\u00edcias no\u00a0<a rel=\"noreferrer noopener\" href=\"https:\/\/www.instagram.com\/senoticias\/\" target=\"_blank\">Instagram<\/a><\/em><\/strong><\/em><\/strong>,\u00a0<strong><em><strong><em>\u00a0<a rel=\"noreferrer noopener\" href=\"https:\/\/www.facebook.com\/senoticias1\" target=\"_blank\">Facebook<\/a>\u00a0e<\/em><\/strong><\/em><\/strong>\u00a0<strong><em>no<\/em>\u00a0<em><a href=\"https:\/\/twitter.com\/Senoticias\">X<\/a><\/em><\/strong><br><br>Fonte: SSP\/SE<\/p>\n","protected":false},"excerpt":{"rendered":"<p>Nesta quinta-feira, 17, a Pol\u00edcia Civil prendeu em flagrante um suspeito de amea\u00e7ar de morte a sua pr\u00f3pria m\u00e3e em Est\u00e2ncia. Al\u00e9m disso, o homem, de 27 anos, \u00e9 investigado por arremessar um tijolo na janela da casa da v\u00edtima. De acordo com a delegada Marcela Souza, respons\u00e1vel pelo caso, o suspeito&nbsp;responde a sete inqu\u00e9ritos [&hellip;]<\/p>\n","protected":false},"author":6557,"featured_media":0,"comment_status":"closed","ping_status":"closed","sticky":false,"template":"","format":"standard","meta":{"footnotes":""},"categories":[15,7,1],"tags":[7641,41462],"class_list":{"0":"post-142020","1":"post","2":"type-post","3":"status-publish","4":"format-standard","6":"category-destaques","7":"category-policia","8":"category-sem-categoria","9":"tag-cigarros","10":"tag-receptacao-qualificada"},"_links":{"self":[{"href":"https:\/\/senoticias.com.br\/se\/wp-json\/wp\/v2\/posts\/142020"}],"collection":[{"href":"https:\/\/senoticias.com.br\/se\/wp-json\/wp\/v2\/posts"}],"about":[{"href":"https:\/\/senoticias.com.br\/se\/wp-json\/wp\/v2\/types\/post"}],"author":[{"embeddable":true,"href":"https:\/\/senoticias.com.br\/se\/wp-json\/wp\/v2\/users\/6557"}],"replies":[{"embeddable":true,"href":"https:\/\/senoticias.com.br\/se\/wp-json\/wp\/v2\/comments?post=142020"}],"version-history":[{"count":0,"href":"https:\/\/senoticias.com.br\/se\/wp-json\/wp\/v2\/posts\/142020\/revisions"}],"wp:attachment":[{"href":"https:\/\/senoticias.com.br\/se\/wp-json\/wp\/v2\/media?parent=142020"}],"wp:term":[{"taxonomy":"category","embeddable":true,"href":"https:\/\/senoticias.com.br\/se\/wp-json\/wp\/v2\/categories?post=142020"},{"taxonomy":"post_tag","embeddable":true,"href":"https:\/\/senoticias.com.br\/se\/wp-json\/wp\/v2\/tags?post=142020"}],"curies":[{"name":"wp","href":"https:\/\/api.w.org\/{rel}","templated":true}]}}