{"id":142008,"date":"2024-04-18T20:54:44","date_gmt":"2024-04-18T23:54:44","guid":{"rendered":"https:\/\/senoticias.com.br\/se\/?p=142008"},"modified":"2024-04-18T21:02:45","modified_gmt":"2024-04-19T00:02:45","slug":"justica-mantem-prisao-de-mulher-que-levou-cadaver-a-banco","status":"publish","type":"post","link":"https:\/\/senoticias.com.br\/se\/justica-mantem-prisao-de-mulher-que-levou-cadaver-a-banco\/","title":{"rendered":"Justi\u00e7a mant\u00e9m pris\u00e3o de mulher que levou cad\u00e1ver a banco"},"content":{"rendered":"\n<p><\/p>\n\n\n\n<p>A Justi\u00e7a do Rio converteu em preventiva a pris\u00e3o de \u00c9rika de Souza Vieira Nunes durante audi\u00eancia de cust\u00f3dia realizada nesta quinta-feira (18). A mulher foi presa em flagrante na \u00faltima ter\u00e7a-feira (16), suspeita de levar o cad\u00e1ver do idoso Paulo Roberto Braga, de 68 anos, a uma ag\u00eancia banc\u00e1ria em Bangu, na Zona Oeste do Rio. \u00c9rika responde por vilip\u00eandio de cad\u00e1ver e furto.<\/p>\n\n\n\n<p>Na decis\u00e3o, a ju\u00edza Rachel Assad contesta a alega\u00e7\u00e3o da defesa de \u00c9rika em afirmar que o idoso estaria vivo no momento da a\u00e7\u00e3o. &#8220;O ponto central dos fatos n\u00e3o se resume em buscar o momento exato da morte, informa\u00e7\u00e3o que sequer o exame de necr\u00f3psia conseguiu apontar. A quest\u00e3o \u00e9 definir se o idoso, naquelas condi\u00e7\u00f5es, mesmo que vivo estivesse, poderia expressar a sua vontade. Se j\u00e1 estava morto, por \u00f3bvio, n\u00e3o seria poss\u00edvel. Mas ainda que vivo estivesse, era not\u00f3rio que n\u00e3o tinha condi\u00e7\u00f5es de expressar vontade alguma, estando em total estado de incapacidade&#8221;, escreveu a magistrada.<\/p>\n\n\n\n<figure class=\"wp-block-image size-large\"><img loading=\"lazy\" decoding=\"async\" width=\"594\" height=\"427\" src=\"https:\/\/senoticias.com.br\/se\/wp-content\/uploads\/2024\/04\/Presa-SE-Noticias.jpg\" alt=\"\" class=\"wp-image-142010\" srcset=\"https:\/\/senoticias.com.br\/se\/wp-content\/uploads\/2024\/04\/Presa-SE-Noticias.jpg 594w, https:\/\/senoticias.com.br\/se\/wp-content\/uploads\/2024\/04\/Presa-SE-Noticias-300x216.jpg 300w, https:\/\/senoticias.com.br\/se\/wp-content\/uploads\/2024\/04\/Presa-SE-Noticias-475x342.jpg 475w\" sizes=\"(max-width: 594px) 100vw, 594px\" \/><figcaption>\u00c9rika de Souza Vieira \u00e9 levada para a 34\u00aa &#8211; Foto: Reginaldo Pimenta\/Ag\u00eancia O Dia<\/figcaption><\/figure>\n\n\n\n<p>Ainda segundo Assad, ainda que seka alegado n\u00e3o ter a custodiada percebido a morte de Paulo Roberto e n\u00e3o ser poss\u00edvel estabelecer o momento exato em que ela teria ocorrido, &#8220;certo \u00e9 que o idoso n\u00e3o respondia a qualquer est\u00edmulo, o que pode ser notado nos v\u00eddeos veiculados em todos os meios de comunica\u00e7\u00e3o&#8221;.<br>A defesa de \u00c9rika, representada pela advogada Ana Carla de Souza, afirmou que pedir a revoga\u00e7\u00e3o da pris\u00e3o preventiva.<\/p>\n\n\n\n<p>A 34\u00aa DP (Bangu), respons\u00e1vel pelas investiga\u00e7\u00f5es, ouve testemunhas para esclarecer se Paulo j\u00e1 chegou na ag\u00eancia morto ou morreu no local. Imagens de c\u00e2meras de seguran\u00e7a tamb\u00e9m est\u00e3o sendo analisadas pelos investigadores.<\/p>\n\n\n\n<p><strong>O que diz \u00c9rika<\/strong><\/p>\n\n\n\n<p>Em depoimento, Erika contou que \u00e9 sobrinha do idoso e que o mesmo tinha solicitado o empr\u00e9stimo de R$ 17 mil para comprar uma televis\u00e3o nova e reformar a casa. Na sua oitiva, a mulher alegou que Paulo chegou vivo ao banco e que parou de responder no momento do atendimento no guich\u00ea.<\/p>\n\n\n\n<p>Erika entrou com o corpo em uma cadeira de rodas e conversou com ele normalmente, pedindo inclusive para que Paulo assinasse o documento que autorizava o recolhimento do dinheiro. Funcion\u00e1rios da ag\u00eancia banc\u00e1ria desconfiaram e chamaram equipes do Servi\u00e7o de Atendimento M\u00f3vel de Urg\u00eancia (Samu).<br><br><strong><em>A<strong><em>companhe tamb\u00e9m o SE Not\u00edcias no\u00a0<a rel=\"noreferrer noopener\" href=\"https:\/\/www.instagram.com\/senoticias\/\" target=\"_blank\">Instagram<\/a><\/em><\/strong><\/em><\/strong>,\u00a0<strong><em><strong><em>\u00a0<a rel=\"noreferrer noopener\" href=\"https:\/\/www.facebook.com\/senoticias1\" target=\"_blank\">Facebook<\/a>\u00a0e<\/em><\/strong><\/em><\/strong>\u00a0<strong><em>no<\/em>\u00a0<em><a href=\"https:\/\/twitter.com\/Senoticias\">X<\/a><\/em><\/strong><br><br>Fonte: O Dia<\/p>\n","protected":false},"excerpt":{"rendered":"<p>A Justi\u00e7a do Rio converteu em preventiva a pris\u00e3o de \u00c9rika de Souza Vieira Nunes durante audi\u00eancia de cust\u00f3dia realizada nesta quinta-feira (18). A mulher foi presa em flagrante na \u00faltima ter\u00e7a-feira (16), suspeita de levar o cad\u00e1ver do idoso Paulo Roberto Braga, de 68 anos, a uma ag\u00eancia banc\u00e1ria em Bangu, na Zona Oeste [&hellip;]<\/p>\n","protected":false},"author":6557,"featured_media":0,"comment_status":"closed","ping_status":"closed","sticky":false,"template":"","format":"standard","meta":{"footnotes":""},"categories":[15,2961,1],"tags":[41460,41461],"class_list":{"0":"post-142008","1":"post","2":"type-post","3":"status-publish","4":"format-standard","6":"category-destaques","7":"category-nacional","8":"category-sem-categoria","9":"tag-erika-de-souza","10":"tag-levou-cadaver-a-banco"},"_links":{"self":[{"href":"https:\/\/senoticias.com.br\/se\/wp-json\/wp\/v2\/posts\/142008"}],"collection":[{"href":"https:\/\/senoticias.com.br\/se\/wp-json\/wp\/v2\/posts"}],"about":[{"href":"https:\/\/senoticias.com.br\/se\/wp-json\/wp\/v2\/types\/post"}],"author":[{"embeddable":true,"href":"https:\/\/senoticias.com.br\/se\/wp-json\/wp\/v2\/users\/6557"}],"replies":[{"embeddable":true,"href":"https:\/\/senoticias.com.br\/se\/wp-json\/wp\/v2\/comments?post=142008"}],"version-history":[{"count":0,"href":"https:\/\/senoticias.com.br\/se\/wp-json\/wp\/v2\/posts\/142008\/revisions"}],"wp:attachment":[{"href":"https:\/\/senoticias.com.br\/se\/wp-json\/wp\/v2\/media?parent=142008"}],"wp:term":[{"taxonomy":"category","embeddable":true,"href":"https:\/\/senoticias.com.br\/se\/wp-json\/wp\/v2\/categories?post=142008"},{"taxonomy":"post_tag","embeddable":true,"href":"https:\/\/senoticias.com.br\/se\/wp-json\/wp\/v2\/tags?post=142008"}],"curies":[{"name":"wp","href":"https:\/\/api.w.org\/{rel}","templated":true}]}}