{"id":142006,"date":"2024-04-18T15:42:26","date_gmt":"2024-04-18T18:42:26","guid":{"rendered":"https:\/\/senoticias.com.br\/se\/?p=142006"},"modified":"2024-04-18T15:44:46","modified_gmt":"2024-04-18T18:44:46","slug":"camara-de-porto-da-folha-realizara-primeira-sessao-itinerante-no-mes-de-maio","status":"publish","type":"post","link":"https:\/\/senoticias.com.br\/se\/camara-de-porto-da-folha-realizara-primeira-sessao-itinerante-no-mes-de-maio\/","title":{"rendered":"C\u00e2mara de Porto da Folha realizar\u00e1 primeira Sess\u00e3o Itinerante no m\u00eas de maio"},"content":{"rendered":"\n<p><\/p>\n\n\n\n<figure class=\"wp-block-image size-large\"><img loading=\"lazy\" decoding=\"async\" width=\"591\" height=\"456\" src=\"https:\/\/senoticias.com.br\/se\/wp-content\/uploads\/2024\/04\/0f4b07df-9f6a-4ff9-af3a-4168dbf53352.jpeg\" alt=\"\" class=\"wp-image-142007\" srcset=\"https:\/\/senoticias.com.br\/se\/wp-content\/uploads\/2024\/04\/0f4b07df-9f6a-4ff9-af3a-4168dbf53352.jpeg 591w, https:\/\/senoticias.com.br\/se\/wp-content\/uploads\/2024\/04\/0f4b07df-9f6a-4ff9-af3a-4168dbf53352-300x231.jpeg 300w, https:\/\/senoticias.com.br\/se\/wp-content\/uploads\/2024\/04\/0f4b07df-9f6a-4ff9-af3a-4168dbf53352-45x35.jpeg 45w\" sizes=\"(max-width: 591px) 100vw, 591px\" \/><figcaption>A Sess\u00e3o dever\u00e1 ser realizada no Centro de Excel\u00eancia Governador Lourival Batista &#8211; Foto: ascom\/divulga\u00e7\u00e3o<\/figcaption><\/figure>\n\n\n\n<p>A C\u00e2mara Municipal de Porto da Folha aprovou, nas Sess\u00f5es Plen\u00e1rias de ter\u00e7a-feira, 16, quatro proposituras para o desenvolvimento do munic\u00edpio.<\/p>\n\n\n\n<p>As primeiras mat\u00e9rias a serem encaminhadas foram as indica\u00e7\u00f5es 08\/2024 e 09\/2024, do vereador Solano Feitosa solicitando ao Poder Executivo a viabiliza\u00e7\u00e3o do cal\u00e7amento do povoado Lagoa do Rancho, no trecho compreendido do in\u00edcio no Col\u00e9gio Municipal Caio Feitosa at\u00e9 o cemit\u00e9rio, e tamb\u00e9m o cal\u00e7amento da comunidade Cruzeiro.<\/p>\n\n\n\n<p>Em seguida foram votados e aprovados o Requerimento 06\/2024, de autoria do presidente do Poder Legislativo, Eduardo Marcel, solicitando ao Conselho Escolar do Centro de Excel\u00eancia Governador Lourival Batista para que a C\u00e2mara possa realizar uma Sess\u00e3o Itinerante no estabelecimento de ensino durante o m\u00eas de maio.<\/p>\n\n\n\n<p>O requerimento foi apresentado ap\u00f3s solicita\u00e7\u00e3o do pr\u00f3prio Conselho, que acredita ser de extrema relev\u00e2ncia para o desenvolvimento educacional dos jovens e para o fortalecimento das pr\u00e1ticas democr\u00e1ticas no munic\u00edpio. a escolha do m\u00eas de maio \u00e9 devido \u00e0 agenda de Protagonismo, em um movimento pedag\u00f3gico que se une a uma gama de outros componentes curriculares unidos pela transversalidade do tema &#8220;Educa\u00e7\u00e3o Cidad\u00e3&#8221;<\/p>\n\n\n\n<p>Por fim, os vereadores aprovaram o Requerimento 07\/2024, de autoria do vereador Ricardo Arag\u00e3o, solicitando cal\u00e7amento em paralelep\u00edpedo na rua da Grota do Touro, \u201cporque a popula\u00e7\u00e3o est\u00e1 sofrendo bastante com a poeira durante o per\u00edodo das secas e, nas chuvas, com a lama\u201d, justificou.<\/p>\n\n\n\n<p><strong><em><strong><em>Acompanhe tamb\u00e9m o SE Not\u00edcias no\u00a0<a rel=\"noreferrer noopener\" href=\"https:\/\/www.instagram.com\/senoticias\/\" target=\"_blank\">Instagram<\/a><\/em><\/strong><\/em><\/strong>,\u00a0<strong><em><strong><em>\u00a0<a rel=\"noreferrer noopener\" href=\"https:\/\/www.facebook.com\/senoticias1\" target=\"_blank\">Facebook<\/a>\u00a0e<\/em><\/strong><\/em><\/strong>\u00a0<strong><em>no<\/em>\u00a0<em><a href=\"https:\/\/twitter.com\/Senoticias\">X<\/a><\/em><\/strong><\/p>\n\n\n\n<p><em><strong>Fonte: T Dantas Comunica\u00e7\u00e3o<\/strong><\/em><\/p>\n","protected":false},"excerpt":{"rendered":"<p>A C\u00e2mara Municipal de Porto da Folha aprovou, nas Sess\u00f5es Plen\u00e1rias de ter\u00e7a-feira, 16, quatro proposituras para o desenvolvimento do munic\u00edpio. As primeiras mat\u00e9rias a serem encaminhadas foram as indica\u00e7\u00f5es 08\/2024 e 09\/2024, do vereador Solano Feitosa solicitando ao Poder Executivo a viabiliza\u00e7\u00e3o do cal\u00e7amento do povoado Lagoa do Rancho, no trecho compreendido do in\u00edcio [&hellip;]<\/p>\n","protected":false},"author":6557,"featured_media":0,"comment_status":"closed","ping_status":"closed","sticky":false,"template":"","format":"standard","meta":{"footnotes":""},"categories":[15,38,1],"tags":[41458,6063,41459],"class_list":{"0":"post-142006","1":"post","2":"type-post","3":"status-publish","4":"format-standard","6":"category-destaques","7":"category-municipios","8":"category-sem-categoria","9":"tag-camara-de-porto-da-folha","10":"tag-porto-da-folha","11":"tag-sessao-itinerante"},"_links":{"self":[{"href":"https:\/\/senoticias.com.br\/se\/wp-json\/wp\/v2\/posts\/142006"}],"collection":[{"href":"https:\/\/senoticias.com.br\/se\/wp-json\/wp\/v2\/posts"}],"about":[{"href":"https:\/\/senoticias.com.br\/se\/wp-json\/wp\/v2\/types\/post"}],"author":[{"embeddable":true,"href":"https:\/\/senoticias.com.br\/se\/wp-json\/wp\/v2\/users\/6557"}],"replies":[{"embeddable":true,"href":"https:\/\/senoticias.com.br\/se\/wp-json\/wp\/v2\/comments?post=142006"}],"version-history":[{"count":0,"href":"https:\/\/senoticias.com.br\/se\/wp-json\/wp\/v2\/posts\/142006\/revisions"}],"wp:attachment":[{"href":"https:\/\/senoticias.com.br\/se\/wp-json\/wp\/v2\/media?parent=142006"}],"wp:term":[{"taxonomy":"category","embeddable":true,"href":"https:\/\/senoticias.com.br\/se\/wp-json\/wp\/v2\/categories?post=142006"},{"taxonomy":"post_tag","embeddable":true,"href":"https:\/\/senoticias.com.br\/se\/wp-json\/wp\/v2\/tags?post=142006"}],"curies":[{"name":"wp","href":"https:\/\/api.w.org\/{rel}","templated":true}]}}