{"id":141946,"date":"2024-04-16T06:51:19","date_gmt":"2024-04-16T09:51:19","guid":{"rendered":"https:\/\/senoticias.com.br\/se\/?p=141946"},"modified":"2024-04-16T06:59:14","modified_gmt":"2024-04-16T09:59:14","slug":"apos-duas-pessoas-negras-serem-confundidas-com-bandidos-governador-determina-suspensao-do-reconhecimento-facial","status":"publish","type":"post","link":"https:\/\/senoticias.com.br\/se\/apos-duas-pessoas-negras-serem-confundidas-com-bandidos-governador-determina-suspensao-do-reconhecimento-facial\/","title":{"rendered":"Ap\u00f3s duas pessoas negras serem confundidas como suspeitos, governador determina suspens\u00e3o do reconhecimento facial"},"content":{"rendered":"\n<p><\/p>\n\n\n\n<p>O governador de Sergipe, F\u00e1bio Mitidieri (PSD), determinou nesta segunda-feira, 15, que a Secretaria de Estado da Seguran\u00e7a P\u00fablica suspenda imediatamente o sistema de reconhecimento facial pela Pol\u00edcia Militar de Sergipe.<\/p>\n\n\n\n<p>O sistema tecnol\u00f3gico vem sendo criticado pela imprensa e pol\u00edticos de oposi\u00e7\u00e3o ap\u00f3s mais um jovem negro ter sido confundido com um foragido da Justi\u00e7a e preso pela Pol\u00edcia Militar, durante o jogo final do Campeonato Sergipano de Futebol, realizado no s\u00e1bado (13), na Arena Batist\u00e3o, em Aracaju.<\/p>\n\n\n\n<p>Esta n\u00e3o \u00e9 a primeira que o sistema causou problemas em Sergipe. Em novembro do ano passado, uma mulher que curtia o Pr\u00e9-Caju na Orla de Atalaia, em Aracaju, foi confundida duas vezes com uma foragida da Justi\u00e7a. Na \u00e9poca, ela relatou que a abordagem ocorreu de forma truculenta.<\/p>\n\n\n\n<figure class=\"wp-block-image size-large\"><img loading=\"lazy\" decoding=\"async\" width=\"590\" height=\"567\" src=\"https:\/\/senoticias.com.br\/se\/wp-content\/uploads\/2024\/04\/Torcedor-preso-se-noticias.jpg\" alt=\"\" class=\"wp-image-141947\" srcset=\"https:\/\/senoticias.com.br\/se\/wp-content\/uploads\/2024\/04\/Torcedor-preso-se-noticias.jpg 590w, https:\/\/senoticias.com.br\/se\/wp-content\/uploads\/2024\/04\/Torcedor-preso-se-noticias-300x288.jpg 300w\" sizes=\"(max-width: 590px) 100vw, 590px\" \/><figcaption>As imagens da abordagem pela PM durante jogo de futebol em Aracaju repercutiram nas redes sociais &#8211; Foto: redes sociais<\/figcaption><\/figure>\n\n\n\n<p>Por meio de uma mensagem na rede social X, o governador de Sergipe lamentou a falha na ferramenta de reconhecimento facial ocorrida durante final do Campeonato Sergipano. \u201cReconhecemos a import\u00e2ncia da tecnologia para a seguran\u00e7a p\u00fablica e, devido ao ocorrido, determinei a suspens\u00e3o do uso do sistema at\u00e9 que novo protocolo seja implantado\u201d.<\/p>\n\n\n\n<p>F\u00e1bio Mitidieri tamb\u00e9m prestou solidariedade ao torcedor abordado pelos policiais. \u201cOs instrumentos de seguran\u00e7a do Estado n\u00e3o podem constranger nossos cidad\u00e3os. Em nome do governo de Sergipe, me solidarizo com Jo\u00e3o Ant\u00f4nio e sua fam\u00edlia\u201d.<\/p>\n\n\n\n<p><strong>Entenda<\/strong><\/p>\n\n\n\n<p>O personal trainer Jo\u00e3o Ant\u00f4nio acusou a Pol\u00edcia Militar de Sergipe de t\u00ea-lo abordado de maneira constrangedora e truculenta durante a partida entre Sergipe e Confian\u00e7a, no \u00faltimo s\u00e1bado, 13, na Arena Batist\u00e3o. A abordagem foi realizada a partir do sistema de reconhecimento facial que indicou \u2013 de maneira equivocada \u2013 que o torcedor possu\u00eda um mandado de pris\u00e3o em aberto. A Pol\u00edcia Militar ao perceber o equ\u00edvoco pediu desculpas ao torcedor e o liberou para assistir a partida. <\/p>\n\n\n\n<p><strong><em><strong><em>Acompanhe tamb\u00e9m o SE Not\u00edcias no\u00a0<a rel=\"noreferrer noopener\" href=\"https:\/\/www.instagram.com\/senoticias\/\" target=\"_blank\">Instagram<\/a><\/em><\/strong><\/em><\/strong>,\u00a0<strong><em><strong><em>\u00a0<a rel=\"noreferrer noopener\" href=\"https:\/\/www.facebook.com\/senoticias1\" target=\"_blank\">Facebook<\/a>\u00a0e<\/em><\/strong><\/em><\/strong>\u00a0<strong><em>no<\/em>\u00a0<em><a href=\"https:\/\/twitter.com\/Senoticias\">X<\/a><\/em><\/strong><\/p>\n\n\n\n<p><em>Com informa\u00e7\u00f5es do jornalista Paulo Sousa, do portal Hora News<\/em><\/p>\n","protected":false},"excerpt":{"rendered":"<p>O governador de Sergipe, F\u00e1bio Mitidieri (PSD), determinou nesta segunda-feira, 15, que a Secretaria de Estado da Seguran\u00e7a P\u00fablica suspenda imediatamente o sistema de reconhecimento facial pela Pol\u00edcia Militar de Sergipe. O sistema tecnol\u00f3gico vem sendo criticado pela imprensa e pol\u00edticos de oposi\u00e7\u00e3o ap\u00f3s mais um jovem negro ter sido confundido com um foragido da [&hellip;]<\/p>\n","protected":false},"author":6557,"featured_media":0,"comment_status":"closed","ping_status":"closed","sticky":false,"template":"","format":"standard","meta":{"footnotes":""},"categories":[15,6,1],"tags":[10933,40393],"class_list":{"0":"post-141946","1":"post","2":"type-post","3":"status-publish","4":"format-standard","6":"category-destaques","7":"category-politica","8":"category-sem-categoria","9":"tag-fabio-mitidiere","10":"tag-reconhecimento-facial"},"_links":{"self":[{"href":"https:\/\/senoticias.com.br\/se\/wp-json\/wp\/v2\/posts\/141946"}],"collection":[{"href":"https:\/\/senoticias.com.br\/se\/wp-json\/wp\/v2\/posts"}],"about":[{"href":"https:\/\/senoticias.com.br\/se\/wp-json\/wp\/v2\/types\/post"}],"author":[{"embeddable":true,"href":"https:\/\/senoticias.com.br\/se\/wp-json\/wp\/v2\/users\/6557"}],"replies":[{"embeddable":true,"href":"https:\/\/senoticias.com.br\/se\/wp-json\/wp\/v2\/comments?post=141946"}],"version-history":[{"count":0,"href":"https:\/\/senoticias.com.br\/se\/wp-json\/wp\/v2\/posts\/141946\/revisions"}],"wp:attachment":[{"href":"https:\/\/senoticias.com.br\/se\/wp-json\/wp\/v2\/media?parent=141946"}],"wp:term":[{"taxonomy":"category","embeddable":true,"href":"https:\/\/senoticias.com.br\/se\/wp-json\/wp\/v2\/categories?post=141946"},{"taxonomy":"post_tag","embeddable":true,"href":"https:\/\/senoticias.com.br\/se\/wp-json\/wp\/v2\/tags?post=141946"}],"curies":[{"name":"wp","href":"https:\/\/api.w.org\/{rel}","templated":true}]}}