{"id":141903,"date":"2024-04-12T06:19:04","date_gmt":"2024-04-12T09:19:04","guid":{"rendered":"https:\/\/senoticias.com.br\/se\/?p=141903"},"modified":"2024-04-12T06:23:04","modified_gmt":"2024-04-12T09:23:04","slug":"governo-de-sergipe-anuncia-nomeacao-dos-aprovados-no-concurso-publico-para-contador-do-estado","status":"publish","type":"post","link":"https:\/\/senoticias.com.br\/se\/governo-de-sergipe-anuncia-nomeacao-dos-aprovados-no-concurso-publico-para-contador-do-estado\/","title":{"rendered":"Governo de Sergipe anuncia nomea\u00e7\u00e3o dos aprovados no concurso p\u00fablico para contador do Estado"},"content":{"rendered":"\n<p><\/p>\n\n\n\n<p>O governador F\u00e1bio Mitidieri anunciou nesta quinta-feira, 11, ao lado da secret\u00e1ria de Estado da Administra\u00e7\u00e3o, Lucivanda Nunes, a convoca\u00e7\u00e3o de 54 candidatos aprovados no concurso p\u00fablico para contador do Estado. O resultado final e a homologa\u00e7\u00e3o do concurso est\u00e3o publicados no Di\u00e1rio Oficial do Estado de Sergipe desta quinta-feira, 11. O concurso foi o primeiro para a \u00e1rea de contabilidade no Estado ap\u00f3s a Constitui\u00e7\u00e3o de 1988.<\/p>\n\n\n\n<figure class=\"wp-block-image size-large\"><img loading=\"lazy\" decoding=\"async\" width=\"594\" height=\"330\" src=\"https:\/\/senoticias.com.br\/se\/wp-content\/uploads\/2024\/04\/Nomecao-dos-Concursados-SE-Noticias.jpeg\" alt=\"\" class=\"wp-image-141904\" srcset=\"https:\/\/senoticias.com.br\/se\/wp-content\/uploads\/2024\/04\/Nomecao-dos-Concursados-SE-Noticias.jpeg 594w, https:\/\/senoticias.com.br\/se\/wp-content\/uploads\/2024\/04\/Nomecao-dos-Concursados-SE-Noticias-300x167.jpeg 300w\" sizes=\"(max-width: 594px) 100vw, 594px\" \/><figcaption>Concurso registrou 1.302 inscri\u00e7\u00f5es e teve a efetiva participa\u00e7\u00e3o de 853 candidatos, que disputaram 54 vagas &#8211; Foto: Andr\u00e9 Moreira\/ASN<\/figcaption><\/figure>\n\n\n\n<p>O certame registrou um total de 1.302 inscri\u00e7\u00f5es e teve a efetiva participa\u00e7\u00e3o de 853 candidatos, que disputaram 54 vagas, sendo 39 para ampla concorr\u00eancia, dez para pessoas com defici\u00eancia (PcD) e cinco para afrodescendentes. O concurso foi realizado com o objetivo de aprimorar a estrutura de pessoal e contribuir para uma gest\u00e3o mais eficiente e transparente.<\/p>\n\n\n\n<p>De acordo com o governador F\u00e1bio Mitidieri, essa \u00e9 mais uma demonstra\u00e7\u00e3o do compromisso do Governo do Estado com a valoriza\u00e7\u00e3o do servidor p\u00fablico e, consequentemente, com a qualidade dos servi\u00e7os prestados \u00e0 popula\u00e7\u00e3o. &#8220;A gest\u00e3o vem trabalhando para estrutura\u00e7\u00e3o da carreira do servidor. Os concursos objetivam valoriza\u00e7\u00e3o do servi\u00e7o p\u00fablico, para que a gente possa capacitar o servidor e prestar um melhor atendimento ao sergipano&#8221;, considerou o chefe do Executivo estadual.<\/p>\n\n\n\n<p>Assim como ele, a secret\u00e1ria Lucivanda Nunes destacou que a realiza\u00e7\u00e3o do concurso p\u00fablico para contador est\u00e1 entre as a\u00e7\u00f5es do governo para democratiza\u00e7\u00e3o do acesso ao servi\u00e7o p\u00fablico e para estrutura\u00e7\u00e3o das carreiras do Estado em prol da melhoria dos servi\u00e7os aos cidad\u00e3os. \u201cEsse \u00e9 um cargo extremamente importante, e os novos contadores ser\u00e3o distribu\u00eddos em diversas secretarias de Estado, visando aprimorar a desempenho da gest\u00e3o administrativa, o controle fiscal e as presta\u00e7\u00f5es de contas\u201d, sintetizou.<\/p>\n\n\n\n<p>A nomea\u00e7\u00e3o dos candidatos ser\u00e1 publicada no Di\u00e1rio Oficial do Estado desta sexta-feira, 12. A partir de agora, os candidatos aprovados ser\u00e3o nomeados, convocados, passar\u00e3o por per\u00edcia m\u00e9dica admissional e ser\u00e3o lotados em suas respectivas fun\u00e7\u00f5es. Todas as informa\u00e7\u00f5es sobre o concurso est\u00e3o dispon\u00edveis no site oficial da banca organizadora, IBGP Concursos.<\/p>\n\n\n\n<p>Os novos contadores do Estado atuar\u00e3o em diversas pastas da administra\u00e7\u00e3o estadual, executando atividades ligadas ao fornecimento de informa\u00e7\u00f5es cont\u00e1beis e de relat\u00f3rios em conformidade com a Lei de Responsabilidade Fiscal, visando subsidiar \u00e0 tomada de decis\u00f5es por parte dos gestores p\u00fablicos e do Governo do Estado.<\/p>\n\n\n\n<p><strong>Concurso para contador do Estado<\/strong><\/p>\n\n\n\n<p>O concurso p\u00fablico para contador do Estado contou com prova objetiva composta de quest\u00f5es de conhecimentos gerais e espec\u00edficos, prova discursiva envolvendo reda\u00e7\u00e3o de texto dissertativo, al\u00e9m da prova de t\u00edtulos que avaliou a capacita\u00e7\u00e3o e a especializa\u00e7\u00e3o t\u00e9cnico-profissional de cada candidato.<\/p>\n\n\n\n<p><strong>Concursos<\/strong><\/p>\n\n\n\n<p>Atualmente, o Governo do Estado gerencia 18 concursos p\u00fablicos: quatro homologados \u2013 Secretaria de Estado da Administra\u00e7\u00e3o (Sead), Secretaria de Estado da Fazenda (Sefaz), Pol\u00edcia Civil e Empresa de Desenvolvimento Agropecu\u00e1rio de Sergipe (Emdagro); oito em andamento e seis em vig\u00eancia, que juntos resultam em mais de 400 novos servidores para a administra\u00e7\u00e3o estadual.<\/p>\n\n\n\n<p><strong><em><strong><em>Acompanhe tamb\u00e9m o SE Not\u00edcias no\u00a0<a rel=\"noreferrer noopener\" href=\"https:\/\/www.instagram.com\/senoticias\/\" target=\"_blank\">Instagram<\/a><\/em><\/strong><\/em><\/strong>,\u00a0<strong><em><strong><em>\u00a0<a rel=\"noreferrer noopener\" href=\"https:\/\/www.facebook.com\/senoticias1\" target=\"_blank\">Facebook<\/a>\u00a0e<\/em><\/strong><\/em><\/strong>\u00a0<strong><em>no<\/em>\u00a0<em><a href=\"https:\/\/twitter.com\/Senoticias\">X<\/a><\/em><\/strong><br><br>Fonte: Ag\u00eancia Sergipe de Not\u00edcias<\/p>\n","protected":false},"excerpt":{"rendered":"<p>O governador F\u00e1bio Mitidieri anunciou nesta quinta-feira, 11, ao lado da secret\u00e1ria de Estado da Administra\u00e7\u00e3o, Lucivanda Nunes, a convoca\u00e7\u00e3o de 54 candidatos aprovados no concurso p\u00fablico para contador do Estado. O resultado final e a homologa\u00e7\u00e3o do concurso est\u00e3o publicados no Di\u00e1rio Oficial do Estado de Sergipe desta quinta-feira, 11. O concurso foi o [&hellip;]<\/p>\n","protected":false},"author":6557,"featured_media":0,"comment_status":"closed","ping_status":"closed","sticky":false,"template":"","format":"standard","meta":{"footnotes":""},"categories":[15,6,1],"tags":[41419,448],"class_list":{"0":"post-141903","1":"post","2":"type-post","3":"status-publish","4":"format-standard","6":"category-destaques","7":"category-politica","8":"category-sem-categoria","9":"tag-concurso-de-contador","10":"tag-governo-de-sergipe"},"_links":{"self":[{"href":"https:\/\/senoticias.com.br\/se\/wp-json\/wp\/v2\/posts\/141903"}],"collection":[{"href":"https:\/\/senoticias.com.br\/se\/wp-json\/wp\/v2\/posts"}],"about":[{"href":"https:\/\/senoticias.com.br\/se\/wp-json\/wp\/v2\/types\/post"}],"author":[{"embeddable":true,"href":"https:\/\/senoticias.com.br\/se\/wp-json\/wp\/v2\/users\/6557"}],"replies":[{"embeddable":true,"href":"https:\/\/senoticias.com.br\/se\/wp-json\/wp\/v2\/comments?post=141903"}],"version-history":[{"count":0,"href":"https:\/\/senoticias.com.br\/se\/wp-json\/wp\/v2\/posts\/141903\/revisions"}],"wp:attachment":[{"href":"https:\/\/senoticias.com.br\/se\/wp-json\/wp\/v2\/media?parent=141903"}],"wp:term":[{"taxonomy":"category","embeddable":true,"href":"https:\/\/senoticias.com.br\/se\/wp-json\/wp\/v2\/categories?post=141903"},{"taxonomy":"post_tag","embeddable":true,"href":"https:\/\/senoticias.com.br\/se\/wp-json\/wp\/v2\/tags?post=141903"}],"curies":[{"name":"wp","href":"https:\/\/api.w.org\/{rel}","templated":true}]}}