{"id":141896,"date":"2024-04-11T11:17:02","date_gmt":"2024-04-11T14:17:02","guid":{"rendered":"https:\/\/senoticias.com.br\/se\/?p=141896"},"modified":"2024-04-11T11:33:24","modified_gmt":"2024-04-11T14:33:24","slug":"acidente-entre-caminhao-e-guincho-deixa-um-morto-e-dois-feridos-na-br-101-em-sergipe","status":"publish","type":"post","link":"https:\/\/senoticias.com.br\/se\/acidente-entre-caminhao-e-guincho-deixa-um-morto-e-dois-feridos-na-br-101-em-sergipe\/","title":{"rendered":"Acidente entre caminh\u00e3o e guincho deixa um morto e dois feridos na BR-101 em Sergipe"},"content":{"rendered":"\n<p>Um acidente envolvendo um caminh\u00e3o e um guincho deixou uma pessoa morta e duas feridas na manh\u00e3 desta quinta-feira (11), no KM 64 da BR-101, entre os munic\u00edpios de Ros\u00e1rio do Catete e Santo Amaro. De acordo com a Pol\u00edcia Rodovi\u00e1ria Federal, o tr\u00e2nsito ficou fechado nos dois sentidos por cerca de tr\u00eas horas, formando um congestionamento de cerca de cinco quil\u00f4metros.<\/p>\n\n\n\n<figure class=\"wp-block-image size-large\"><img loading=\"lazy\" decoding=\"async\" width=\"583\" height=\"387\" src=\"https:\/\/senoticias.com.br\/se\/wp-content\/uploads\/2024\/04\/Caminhao-dos-correios-se-noticias.jpg\" alt=\"\" class=\"wp-image-141897\" srcset=\"https:\/\/senoticias.com.br\/se\/wp-content\/uploads\/2024\/04\/Caminhao-dos-correios-se-noticias.jpg 583w, https:\/\/senoticias.com.br\/se\/wp-content\/uploads\/2024\/04\/Caminhao-dos-correios-se-noticias-300x199.jpg 300w, https:\/\/senoticias.com.br\/se\/wp-content\/uploads\/2024\/04\/Caminhao-dos-correios-se-noticias-90x60.jpg 90w, https:\/\/senoticias.com.br\/se\/wp-content\/uploads\/2024\/04\/Caminhao-dos-correios-se-noticias-180x120.jpg 180w, https:\/\/senoticias.com.br\/se\/wp-content\/uploads\/2024\/04\/Caminhao-dos-correios-se-noticias-95x64.jpg 95w\" sizes=\"(max-width: 583px) 100vw, 583px\" \/><figcaption>Acidente envolvendo caminh\u00e3o e guincho deixa um morto e dois feridos na BR-101 &#8211; Foto: Cl\u00e1udio Salviano<\/figcaption><\/figure>\n\n\n\n<p>Testemunhas relataram que um dos ve\u00edculos tentou desviar do outro, mas ambos acabaram batendo de frente. O caminh\u00e3o rodou na pista e o guincho caiu na descida do acostamento.<\/p>\n\n\n\n<p><strong><em><strong><em>Acompanhe tamb\u00e9m o SE Not\u00edcias no\u00a0<a rel=\"noreferrer noopener\" href=\"https:\/\/www.instagram.com\/senoticias\/\" target=\"_blank\">Instagram<\/a><\/em><\/strong><\/em><\/strong>,\u00a0<strong><em><strong><em>\u00a0<a rel=\"noreferrer noopener\" href=\"https:\/\/www.facebook.com\/senoticias1\" target=\"_blank\">Facebook<\/a>\u00a0e<\/em><\/strong><\/em><\/strong>\u00a0<strong><em>no<\/em>\u00a0<em><a href=\"https:\/\/twitter.com\/Senoticias\">X<\/a><\/em><\/strong><\/p>\n\n\n\n<p>Fonte: ascom\/PRF\/G1\/SE<\/p>\n","protected":false},"excerpt":{"rendered":"<p>Um acidente envolvendo um caminh\u00e3o e um guincho deixou uma pessoa morta e duas feridas na manh\u00e3 desta quinta-feira (11), no KM 64 da BR-101, entre os munic\u00edpios de Ros\u00e1rio do Catete e Santo Amaro. De acordo com a Pol\u00edcia Rodovi\u00e1ria Federal, o tr\u00e2nsito ficou fechado nos dois sentidos por cerca de tr\u00eas horas, formando [&hellip;]<\/p>\n","protected":false},"author":6557,"featured_media":0,"comment_status":"closed","ping_status":"closed","sticky":false,"template":"","format":"standard","meta":{"footnotes":""},"categories":[15,7,1],"tags":[61,3799],"class_list":{"0":"post-141896","1":"post","2":"type-post","3":"status-publish","4":"format-standard","6":"category-destaques","7":"category-policia","8":"category-sem-categoria","9":"tag-acidente","10":"tag-acidente-na-br-101"},"_links":{"self":[{"href":"https:\/\/senoticias.com.br\/se\/wp-json\/wp\/v2\/posts\/141896"}],"collection":[{"href":"https:\/\/senoticias.com.br\/se\/wp-json\/wp\/v2\/posts"}],"about":[{"href":"https:\/\/senoticias.com.br\/se\/wp-json\/wp\/v2\/types\/post"}],"author":[{"embeddable":true,"href":"https:\/\/senoticias.com.br\/se\/wp-json\/wp\/v2\/users\/6557"}],"replies":[{"embeddable":true,"href":"https:\/\/senoticias.com.br\/se\/wp-json\/wp\/v2\/comments?post=141896"}],"version-history":[{"count":0,"href":"https:\/\/senoticias.com.br\/se\/wp-json\/wp\/v2\/posts\/141896\/revisions"}],"wp:attachment":[{"href":"https:\/\/senoticias.com.br\/se\/wp-json\/wp\/v2\/media?parent=141896"}],"wp:term":[{"taxonomy":"category","embeddable":true,"href":"https:\/\/senoticias.com.br\/se\/wp-json\/wp\/v2\/categories?post=141896"},{"taxonomy":"post_tag","embeddable":true,"href":"https:\/\/senoticias.com.br\/se\/wp-json\/wp\/v2\/tags?post=141896"}],"curies":[{"name":"wp","href":"https:\/\/api.w.org\/{rel}","templated":true}]}}