{"id":141890,"date":"2024-04-11T06:10:23","date_gmt":"2024-04-11T09:10:23","guid":{"rendered":"https:\/\/senoticias.com.br\/se\/?p=141890"},"modified":"2024-04-11T06:47:21","modified_gmt":"2024-04-11T09:47:21","slug":"aracaju-amanhece-com-chuva-nesta-quinta-feira-veja-previsao","status":"publish","type":"post","link":"https:\/\/senoticias.com.br\/se\/aracaju-amanhece-com-chuva-nesta-quinta-feira-veja-previsao\/","title":{"rendered":"Aracaju amanhece com chuva nesta quinta-feira; veja previs\u00e3o"},"content":{"rendered":"\n<p><\/p>\n\n\n\n<p>Aracaju amanheceu com forte chuva nesta quinta-feira, 11. Segundo a Secretaria de Estado do Meio Ambiente e A\u00e7\u00f5es Clim\u00e1ticas, Sergipe tem alerta de chuvas e ventos fortes, que podem ocorrer at\u00e9 as 10 horas dessa quinta-feira (11). A informa\u00e7\u00e3o foi divulgada, na quarta-feira (10), pela Ger\u00eancia de Meteorologia e Mudan\u00e7as Clim\u00e1ticas da Secretaria de Estado do Meio Ambiente, Sustentabilidade e A\u00e7\u00f5es Clim\u00e1ticas (Semac). Em casos de emerg\u00eancia, a Defesa Civil pode ser acionada atrav\u00e9s do servi\u00e7o emergencial 199.<\/p>\n\n\n\n<figure class=\"wp-block-image size-large\"><img loading=\"lazy\" decoding=\"async\" width=\"593\" height=\"670\" src=\"https:\/\/senoticias.com.br\/se\/wp-content\/uploads\/2024\/04\/Chuva-se-noticias.jpg\" alt=\"\" class=\"wp-image-141891\" srcset=\"https:\/\/senoticias.com.br\/se\/wp-content\/uploads\/2024\/04\/Chuva-se-noticias.jpg 593w, https:\/\/senoticias.com.br\/se\/wp-content\/uploads\/2024\/04\/Chuva-se-noticias-266x300.jpg 266w\" sizes=\"(max-width: 593px) 100vw, 593px\" \/><figcaption>Bairro Jabotiana amanheceu com tempo nublado \u2014 Foto: Or\u00e1cio Oliveira \/ SE Not\u00edcias<\/figcaption><\/figure>\n\n\n\n<p>De acordo com a previs\u00e3o, existe a possibilidade que o acumulado da chuva ultrapasse 50 mil\u00edmetros\/dia. J\u00e1 os ventos intensos podem variar entre 40 e 60 quil\u00f4metros\/hora. A ger\u00eancia de Meteorologia da Semac orienta a popula\u00e7\u00e3o para a possibilidade de ocorr\u00eancia de situa\u00e7\u00f5es de risco como alagamentos, deslizamentos de encostas, transbordamento de pequenos c\u00f3rregos e riachos, transbordamento de rios e lagoas.<\/p>\n\n\n\n<p><strong><em><strong><em>Acompanhe tamb\u00e9m o SE Not\u00edcias no\u00a0<a rel=\"noreferrer noopener\" href=\"https:\/\/www.instagram.com\/senoticias\/\" target=\"_blank\">Instagram<\/a><\/em><\/strong><\/em><\/strong>,\u00a0<strong><em><strong><em>\u00a0<a rel=\"noreferrer noopener\" href=\"https:\/\/www.facebook.com\/senoticias1\" target=\"_blank\">Facebook<\/a>\u00a0e<\/em><\/strong><\/em><\/strong>\u00a0<strong><em>no<\/em>\u00a0<em><a href=\"https:\/\/twitter.com\/Senoticias\">X<\/a><\/em><\/strong><\/p>\n\n\n\n<p>Com informa\u00e7\u00f5es da Semac<\/p>\n","protected":false},"excerpt":{"rendered":"<p>Aracaju amanheceu com forte chuva nesta quinta-feira, 11. Segundo a Secretaria de Estado do Meio Ambiente e A\u00e7\u00f5es Clim\u00e1ticas, Sergipe tem alerta de chuvas e ventos fortes, que podem ocorrer at\u00e9 as 10 horas dessa quinta-feira (11). A informa\u00e7\u00e3o foi divulgada, na quarta-feira (10), pela Ger\u00eancia de Meteorologia e Mudan\u00e7as Clim\u00e1ticas da Secretaria de Estado [&hellip;]<\/p>\n","protected":false},"author":6557,"featured_media":0,"comment_status":"closed","ping_status":"closed","sticky":false,"template":"","format":"standard","meta":{"footnotes":""},"categories":[15,6],"tags":[119,12625],"class_list":{"0":"post-141890","1":"post","2":"type-post","3":"status-publish","4":"format-standard","6":"category-destaques","7":"category-politica","8":"tag-chuvas","9":"tag-ventos-fortes"},"_links":{"self":[{"href":"https:\/\/senoticias.com.br\/se\/wp-json\/wp\/v2\/posts\/141890"}],"collection":[{"href":"https:\/\/senoticias.com.br\/se\/wp-json\/wp\/v2\/posts"}],"about":[{"href":"https:\/\/senoticias.com.br\/se\/wp-json\/wp\/v2\/types\/post"}],"author":[{"embeddable":true,"href":"https:\/\/senoticias.com.br\/se\/wp-json\/wp\/v2\/users\/6557"}],"replies":[{"embeddable":true,"href":"https:\/\/senoticias.com.br\/se\/wp-json\/wp\/v2\/comments?post=141890"}],"version-history":[{"count":0,"href":"https:\/\/senoticias.com.br\/se\/wp-json\/wp\/v2\/posts\/141890\/revisions"}],"wp:attachment":[{"href":"https:\/\/senoticias.com.br\/se\/wp-json\/wp\/v2\/media?parent=141890"}],"wp:term":[{"taxonomy":"category","embeddable":true,"href":"https:\/\/senoticias.com.br\/se\/wp-json\/wp\/v2\/categories?post=141890"},{"taxonomy":"post_tag","embeddable":true,"href":"https:\/\/senoticias.com.br\/se\/wp-json\/wp\/v2\/tags?post=141890"}],"curies":[{"name":"wp","href":"https:\/\/api.w.org\/{rel}","templated":true}]}}