{"id":141864,"date":"2024-04-09T20:29:17","date_gmt":"2024-04-09T23:29:17","guid":{"rendered":"https:\/\/senoticias.com.br\/se\/?p=141864"},"modified":"2024-04-09T20:31:29","modified_gmt":"2024-04-09T23:31:29","slug":"policia-federal-prende-hacker-suspeito-de-vazar-dados-do-senado-tse-e-exercito","status":"publish","type":"post","link":"https:\/\/senoticias.com.br\/se\/policia-federal-prende-hacker-suspeito-de-vazar-dados-do-senado-tse-e-exercito\/","title":{"rendered":"Pol\u00edcia Federal prende hacker suspeito de vazar dados do Senado, TSE e Ex\u00e9rcito"},"content":{"rendered":"\n<p><\/p>\n\n\n\n<p>A Pol\u00edcia Federal prendeu preventivamente, na manh\u00e3 desta ter\u00e7a-feira (9\/4), um hacker suspeito de ser o respons\u00e1vel por um vazamento de dados do Senado, Tribunal Superior Eleitoral (TSE) e das For\u00e7as Armadas. O alvo, preso em Feira de Santana (BA), \u00e9 suspeito do maior vazamento de dados da hist\u00f3ria do pa\u00eds, com a divulga\u00e7\u00e3o dos dados de 223 milh\u00f5es de brasileiros.<\/p>\n\n\n\n<figure class=\"wp-block-image size-large\"><img loading=\"lazy\" decoding=\"async\" width=\"598\" height=\"405\" src=\"https:\/\/senoticias.com.br\/se\/wp-content\/uploads\/2024\/04\/Policia-Federal-SE-Noticias.jpg\" alt=\"\" class=\"wp-image-141865\" srcset=\"https:\/\/senoticias.com.br\/se\/wp-content\/uploads\/2024\/04\/Policia-Federal-SE-Noticias.jpg 598w, https:\/\/senoticias.com.br\/se\/wp-content\/uploads\/2024\/04\/Policia-Federal-SE-Noticias-300x203.jpg 300w, https:\/\/senoticias.com.br\/se\/wp-content\/uploads\/2024\/04\/Policia-Federal-SE-Noticias-90x60.jpg 90w, https:\/\/senoticias.com.br\/se\/wp-content\/uploads\/2024\/04\/Policia-Federal-SE-Noticias-95x64.jpg 95w\" sizes=\"(max-width: 598px) 100vw, 598px\" \/><figcaption>Em 2019, o hacker j\u00e1 havia sido preso na Opera\u00e7\u00e3o Defaced, suspeito de invadir os sites da PCMG, do MPMG, do Tribunal de Justi\u00e7a de Goi\u00e1s e do Ex\u00e9rcito Brasileiro &#8211; Foto: Ed Alves\/CB\/D.A.Press<\/figcaption><\/figure>\n\n\n\n<p>O suspeito estava foragido desde novembro de 2023, ap\u00f3s romper a tornozeleira eletr\u00f4nica que utilizava em decorr\u00eancia das investiga\u00e7\u00f5es da Opera\u00e7\u00e3o Deepwater, deflagrada em 19 de mar\u00e7o de 2021.<\/p>\n\n\n\n<p>Em 2019, o hacker j\u00e1 havia sido preso na Opera\u00e7\u00e3o Defaced, da Pol\u00edcia Civil, suspeito de invadir os sites da Pol\u00edcia Civil de Minas Gerais, do Minist\u00e9rio P\u00fablico de Minas Gerais (MPMG), do Tribunal de Justi\u00e7a de Goi\u00e1s e do Ex\u00e9rcito Brasileiro.<\/p>\n\n\n\n<p>O mandado de pris\u00e3o preventiva cumprido nesta ter\u00e7a foi expedido pela 1\u00aa Vara Federal de Uberl\u00e2ndia (MG). O suspeito ficar\u00e1 detido no Centro de Observa\u00e7\u00e3o Penal, em Salvador, \u00e0 disposi\u00e7\u00e3o da Justi\u00e7a.<\/p>\n\n\n\n<p><strong><em><strong><em>Acompanhe tamb\u00e9m o SE Not\u00edcias no\u00a0<a rel=\"noreferrer noopener\" href=\"https:\/\/www.instagram.com\/senoticias\/\" target=\"_blank\">Instagram<\/a><\/em><\/strong><\/em><\/strong>,\u00a0<strong><em><strong><em>\u00a0<a rel=\"noreferrer noopener\" href=\"https:\/\/www.facebook.com\/senoticias1\" target=\"_blank\">Facebook<\/a>\u00a0e<\/em><\/strong><\/em><\/strong>\u00a0<strong><em>no<\/em>\u00a0<em><a href=\"https:\/\/twitter.com\/Senoticias\">X<\/a><\/em><\/strong><\/p>\n\n\n\n<p>Fonte: Correio Braziliense<\/p>\n","protected":false},"excerpt":{"rendered":"<p>A Pol\u00edcia Federal prendeu preventivamente, na manh\u00e3 desta ter\u00e7a-feira (9\/4), um hacker suspeito de ser o respons\u00e1vel por um vazamento de dados do Senado, Tribunal Superior Eleitoral (TSE) e das For\u00e7as Armadas. O alvo, preso em Feira de Santana (BA), \u00e9 suspeito do maior vazamento de dados da hist\u00f3ria do pa\u00eds, com a divulga\u00e7\u00e3o dos [&hellip;]<\/p>\n","protected":false},"author":6557,"featured_media":0,"comment_status":"closed","ping_status":"closed","sticky":false,"template":"","format":"standard","meta":{"footnotes":""},"categories":[15,6,1],"tags":[39733,1947,549],"class_list":{"0":"post-141864","1":"post","2":"type-post","3":"status-publish","4":"format-standard","6":"category-destaques","7":"category-politica","8":"category-sem-categoria","9":"tag-hacker","10":"tag-policia-federal","11":"tag-tribunal-superior-eleitoral"},"_links":{"self":[{"href":"https:\/\/senoticias.com.br\/se\/wp-json\/wp\/v2\/posts\/141864"}],"collection":[{"href":"https:\/\/senoticias.com.br\/se\/wp-json\/wp\/v2\/posts"}],"about":[{"href":"https:\/\/senoticias.com.br\/se\/wp-json\/wp\/v2\/types\/post"}],"author":[{"embeddable":true,"href":"https:\/\/senoticias.com.br\/se\/wp-json\/wp\/v2\/users\/6557"}],"replies":[{"embeddable":true,"href":"https:\/\/senoticias.com.br\/se\/wp-json\/wp\/v2\/comments?post=141864"}],"version-history":[{"count":0,"href":"https:\/\/senoticias.com.br\/se\/wp-json\/wp\/v2\/posts\/141864\/revisions"}],"wp:attachment":[{"href":"https:\/\/senoticias.com.br\/se\/wp-json\/wp\/v2\/media?parent=141864"}],"wp:term":[{"taxonomy":"category","embeddable":true,"href":"https:\/\/senoticias.com.br\/se\/wp-json\/wp\/v2\/categories?post=141864"},{"taxonomy":"post_tag","embeddable":true,"href":"https:\/\/senoticias.com.br\/se\/wp-json\/wp\/v2\/tags?post=141864"}],"curies":[{"name":"wp","href":"https:\/\/api.w.org\/{rel}","templated":true}]}}