{"id":141860,"date":"2024-04-09T16:08:58","date_gmt":"2024-04-09T19:08:58","guid":{"rendered":"https:\/\/senoticias.com.br\/se\/?p=141860"},"modified":"2024-04-09T16:12:35","modified_gmt":"2024-04-09T19:12:35","slug":"seguranca-publica-detalha-planejamento-operacional-para-jogos-da-final-do-campeonato-sergipano-na-arena-batistao","status":"publish","type":"post","link":"https:\/\/senoticias.com.br\/se\/seguranca-publica-detalha-planejamento-operacional-para-jogos-da-final-do-campeonato-sergipano-na-arena-batistao\/","title":{"rendered":"Seguran\u00e7a P\u00fablica detalha planejamento operacional para jogos da final do Campeonato Sergipano na Arena Batist\u00e3o"},"content":{"rendered":"\n<p>Com o objetivo de garantir a seguran\u00e7a de torcedores e de toda a popula\u00e7\u00e3o durante os jogos da final do Campeonato Sergipano, a Secretaria da Seguran\u00e7a P\u00fablica (SSP) estabeleceu um planejamento operacional que abrange equipes das Pol\u00edcias Civil e Militar antes, durante e depois dos cl\u00e1ssicos do futebol sergipano que acontecem na quarta-feira, 10, e no s\u00e1bado, 13.<\/p>\n\n\n\n<p>\u00c9 justamente visando que os jogos da final do Campeonato Sergipano transcorram com tranquilidade e seguran\u00e7a que a Pol\u00edcia Militar estabeleceu um planejamento que contempla a\u00e7\u00f5es preventivas. \u201cDesde cedo estaremos nos bairros desenvolvendo opera\u00e7\u00f5es e fazendo o monitoramento das torcidas. A partir das 16h, teremos o fechamento do tr\u00e2nsito no per\u00edmetro pr\u00f3ximo \u00e0 Arena Batist\u00e3o\u201d, explicou o major S\u00e9rgio Pedro.<\/p>\n\n\n\n<figure class=\"wp-block-image size-large\"><img loading=\"lazy\" decoding=\"async\" width=\"598\" height=\"426\" src=\"https:\/\/senoticias.com.br\/se\/wp-content\/uploads\/2024\/04\/Campeonato-sergipano.jpeg\" alt=\"\" class=\"wp-image-141863\" srcset=\"https:\/\/senoticias.com.br\/se\/wp-content\/uploads\/2024\/04\/Campeonato-sergipano.jpeg 598w, https:\/\/senoticias.com.br\/se\/wp-content\/uploads\/2024\/04\/Campeonato-sergipano-300x214.jpeg 300w\" sizes=\"(max-width: 598px) 100vw, 598px\" \/><figcaption>Planejamento conta com atua\u00e7\u00e3o de unidades de \u00e1rea e especializadas da Pol\u00edcia Militar &#8211; Foto: SSP\/SE<\/figcaption><\/figure>\n\n\n\n<p>Em seguida, o planejamento operacional definido pela Pol\u00edcia Militar passa a abranger tamb\u00e9m a \u00e1rea interna da Arena Batist\u00e3o. \u201c\u00c0s 18h, estaremos com o policiamento de campo posicionado. Para toda essa atua\u00e7\u00e3o, as unidades de \u00e1rea e as especializadas estar\u00e3o envolvidas na opera\u00e7\u00e3o para os jogos, que j\u00e1 tem in\u00edcio nos bairros. As a\u00e7\u00f5es tamb\u00e9m abrangem os terminais\u201d, acrescentou o major.<\/p>\n\n\n\n<p>Para o policiamento especializado, o planejamento elaborado pela Pol\u00edcia Militar conta com unidades a exemplo do Batalh\u00e3o de Choque (BPChoque), Batalh\u00e3o de Radiopatrulha (BPRp), Regimento de Cavalaria Mecanizada de Motopatrulhamento (Getam) e Regimento de Pol\u00edcia Montada (RPMon). \u201cE, em rela\u00e7\u00e3o ao acesso ao est\u00e1dio, qualquer objeto que fa\u00e7a alus\u00e3o \u00e0 torcida organizada n\u00e3o ter\u00e1 entrada permitida\u201d, relembrou o major S\u00e9rgio Pedro.<\/p>\n\n\n\n<p>Tamb\u00e9m para a seguran\u00e7a dos torcedores e de toda a popula\u00e7\u00e3o durante os jogos da final do Campeonato Sergipano, a Pol\u00edcia Civil estabeleceu um planejamento operacional que abrange o plant\u00e3o com delegados, agentes e escriv\u00e3es. \u201cPromover a seguran\u00e7a durante as partidas de futebol \u00e9 uma prioridade da seguran\u00e7a p\u00fablica, por isso a Pol\u00edcia Civil estabeleceu o plant\u00e3o na 2\u00aa Delegacia Metropolitana (2\u00aa DM)\u201d, destacou.<\/p>\n\n\n\n<p>No planejamento operacional da Pol\u00edcia Civil, a 2\u00aa DM foi definida como unidade plantonista durante os jogos da final do Campeonato Sergipano pela proximidade com a Arena Batist\u00e3o. \u201cO plant\u00e3o na 2\u00aa Delegacia Metropolitana funcionar\u00e1 antes, durante e depois das partidas, tendo como objetivo atender com maior celeridade e presteza eventuais ocorr\u00eancias levadas pela Pol\u00edcia Militar e pela Guarda Municipal\u201d, complementou Rosana Freitas.<\/p>\n\n\n\n<p>Al\u00e9m de atender ocorr\u00eancias que venham a ser registradas no tocante aos cl\u00e1ssicos da final do Campeonato Sergipano, a 2\u00aa DM tamb\u00e9m estar\u00e1 atuando para o atendimento a outras ocorr\u00eancias na capital e Grande Aracaju que tenham rela\u00e7\u00e3o com os jogos.<\/p>\n\n\n\n<p><strong><em><strong><em>Acompanhe tamb\u00e9m o SE Not\u00edcias no\u00a0<a rel=\"noreferrer noopener\" href=\"https:\/\/www.instagram.com\/senoticias\/\" target=\"_blank\">Instagram<\/a><\/em><\/strong><\/em><\/strong>,\u00a0<strong><em><strong><em>\u00a0<a rel=\"noreferrer noopener\" href=\"https:\/\/www.facebook.com\/senoticias1\" target=\"_blank\">Facebook<\/a>\u00a0e<\/em><\/strong><\/em><\/strong>\u00a0<strong><em>no<\/em>\u00a0<em><a href=\"https:\/\/twitter.com\/Senoticias\">X<\/a><\/em><\/strong><\/p>\n\n\n\n<p>Fonte: SSP\/SE<\/p>\n","protected":false},"excerpt":{"rendered":"<p>Com o objetivo de garantir a seguran\u00e7a de torcedores e de toda a popula\u00e7\u00e3o durante os jogos da final do Campeonato Sergipano, a Secretaria da Seguran\u00e7a P\u00fablica (SSP) estabeleceu um planejamento operacional que abrange equipes das Pol\u00edcias Civil e Militar antes, durante e depois dos cl\u00e1ssicos do futebol sergipano que acontecem na quarta-feira, 10, e [&hellip;]<\/p>\n","protected":false},"author":6557,"featured_media":0,"comment_status":"closed","ping_status":"closed","sticky":false,"template":"","format":"standard","meta":{"footnotes":""},"categories":[15,7,1],"tags":[2626,2919,36264,3687],"class_list":{"0":"post-141860","1":"post","2":"type-post","3":"status-publish","4":"format-standard","6":"category-destaques","7":"category-policia","8":"category-sem-categoria","9":"tag-arena-batistao","10":"tag-campeonato-sergipano","11":"tag-final-do-campeonato-sergipano","12":"tag-seguranca-publica"},"_links":{"self":[{"href":"https:\/\/senoticias.com.br\/se\/wp-json\/wp\/v2\/posts\/141860"}],"collection":[{"href":"https:\/\/senoticias.com.br\/se\/wp-json\/wp\/v2\/posts"}],"about":[{"href":"https:\/\/senoticias.com.br\/se\/wp-json\/wp\/v2\/types\/post"}],"author":[{"embeddable":true,"href":"https:\/\/senoticias.com.br\/se\/wp-json\/wp\/v2\/users\/6557"}],"replies":[{"embeddable":true,"href":"https:\/\/senoticias.com.br\/se\/wp-json\/wp\/v2\/comments?post=141860"}],"version-history":[{"count":0,"href":"https:\/\/senoticias.com.br\/se\/wp-json\/wp\/v2\/posts\/141860\/revisions"}],"wp:attachment":[{"href":"https:\/\/senoticias.com.br\/se\/wp-json\/wp\/v2\/media?parent=141860"}],"wp:term":[{"taxonomy":"category","embeddable":true,"href":"https:\/\/senoticias.com.br\/se\/wp-json\/wp\/v2\/categories?post=141860"},{"taxonomy":"post_tag","embeddable":true,"href":"https:\/\/senoticias.com.br\/se\/wp-json\/wp\/v2\/tags?post=141860"}],"curies":[{"name":"wp","href":"https:\/\/api.w.org\/{rel}","templated":true}]}}