{"id":141789,"date":"2024-04-03T10:18:08","date_gmt":"2024-04-03T13:18:08","guid":{"rendered":"https:\/\/senoticias.com.br\/se\/?p=141789"},"modified":"2024-04-03T10:18:23","modified_gmt":"2024-04-03T13:18:23","slug":"dois-suspeitos-de-homicidios-morrem-e-dois-sao-presos-na-zona-norte-de-aracaju","status":"publish","type":"post","link":"https:\/\/senoticias.com.br\/se\/dois-suspeitos-de-homicidios-morrem-e-dois-sao-presos-na-zona-norte-de-aracaju\/","title":{"rendered":"Dois suspeitos de homic\u00eddios morrem e dois s\u00e3o presos na Zona Norte de Aracaju"},"content":{"rendered":"\n<p>Dois investigados por homic\u00eddios na regi\u00e3o central de Aracaju foram identificados durante a\u00e7\u00e3o conjunta entre a 2\u00aa Delegacia Metropolitana (2\u00aa DM) e o Comando do Policiamento Militar da Capital (CMPC), nessa ter\u00e7a-feira, 2. Na a\u00e7\u00e3o policial, outros dois suspeitos tamb\u00e9m foram presos.<\/p>\n\n\n\n<figure class=\"wp-block-image size-large\"><img loading=\"lazy\" decoding=\"async\" width=\"599\" height=\"332\" src=\"https:\/\/senoticias.com.br\/se\/wp-content\/uploads\/2024\/04\/assassinato-senoticias-e1712150209439.jpeg\" alt=\"\" class=\"wp-image-141790\"\/><\/figure>\n\n\n\n<p>De acordo com o delegado Andr\u00e9 Davi, nos \u00faltimos 15 dias, houve dois homic\u00eddios e uma tentativa desse crime. \u201cUm homic\u00eddio de uma mulher e o de um homem. Ambos foram mortos por disputa de \u00e1rea de tr\u00e1fico de drogas\u201d, contextualizou.<\/p>\n\n\n\n<p>Na tarde dessa ter\u00e7a-feira, ainda em dilig\u00eancia do \u00faltimo homic\u00eddio, policiais da 2\u00aa DM e do CPMC chegaram at\u00e9 os dois suspeitos da execu\u00e7\u00e3o dos dois homic\u00eddios.<\/p>\n\n\n\n<p>Eles reagiram \u00e0 abordagem policial e houve confronto. Os investigados foram socorridos, mas n\u00e3o resistiram aos ferimentos e morreram. Outros dois suspeitos foram presos e informaram que os investigados que reagiram foram os executores dos homic\u00eddios.<\/p>\n\n\n\n<p>Andr\u00e9 Davi concluiu informando que as a\u00e7\u00f5es de enfrentamento \u00e0 criminalidade na regi\u00e3o central de Aracaju continuar\u00e3o sendo desenvolvidas pelas for\u00e7as de seguran\u00e7a p\u00fablica.<\/p>\n\n\n\n<p>\u201cN\u00f3s t\u00ednhamos que dar uma resposta, e foi dada. O nosso papel \u00e9 dar tranquilidade aos comerciantes e \u00e0s pessoas que circulam pelo centro, para que a \u00e1rea se revitalize, o que \u00e9 bom para a popula\u00e7\u00e3o\u201d, ressaltou Andr\u00e9 Davi.<\/p>\n\n\n\n<p>A Pol\u00edcia Civil solicita que informa\u00e7\u00f5es e den\u00fancias sobre crimes e suspeitos de a\u00e7\u00f5es criminosas sejam repassadas \u00e0 pol\u00edcia por meio do Disque-Den\u00fancia, no telefone 181. O sigilo do denunciante \u00e9 garantido.<\/p>\n\n\n\n<p><strong><em><strong><em>Acompanhe tamb\u00e9m o SE Not\u00edcias no&nbsp;<a rel=\"noreferrer noopener\" href=\"https:\/\/www.instagram.com\/senoticias\/\" target=\"_blank\">Instagram<\/a><\/em><\/strong><\/em><\/strong>,&nbsp;<strong><em><strong><em>&nbsp;<a rel=\"noreferrer noopener\" href=\"https:\/\/www.facebook.com\/senoticias1\" target=\"_blank\">Facebook<\/a>&nbsp;e<\/em><\/strong><\/em><\/strong>&nbsp;<strong><em>no<\/em>&nbsp;<em><a href=\"https:\/\/twitter.com\/Senoticias\">X<\/a><\/em><\/strong><\/p>\n\n\n\n<p>Fonte: SSP SE<\/p>\n","protected":false},"excerpt":{"rendered":"<p>Dois investigados por homic\u00eddios na regi\u00e3o central de Aracaju foram identificados durante a\u00e7\u00e3o conjunta entre a 2\u00aa Delegacia Metropolitana (2\u00aa DM) e o Comando do Policiamento Militar da Capital (CMPC), nessa ter\u00e7a-feira, 2. Na a\u00e7\u00e3o policial, outros dois suspeitos tamb\u00e9m foram presos. De acordo com o delegado Andr\u00e9 Davi, nos \u00faltimos 15 dias, houve dois [&hellip;]<\/p>\n","protected":false},"author":6557,"featured_media":0,"comment_status":"closed","ping_status":"closed","sticky":false,"template":"","format":"standard","meta":{"footnotes":""},"categories":[15,7],"tags":[41385,3966],"class_list":{"0":"post-141789","1":"post","2":"type-post","3":"status-publish","4":"format-standard","6":"category-destaques","7":"category-policia","8":"tag-cmpc","9":"tag-suspeitos-de-homicidios"},"_links":{"self":[{"href":"https:\/\/senoticias.com.br\/se\/wp-json\/wp\/v2\/posts\/141789"}],"collection":[{"href":"https:\/\/senoticias.com.br\/se\/wp-json\/wp\/v2\/posts"}],"about":[{"href":"https:\/\/senoticias.com.br\/se\/wp-json\/wp\/v2\/types\/post"}],"author":[{"embeddable":true,"href":"https:\/\/senoticias.com.br\/se\/wp-json\/wp\/v2\/users\/6557"}],"replies":[{"embeddable":true,"href":"https:\/\/senoticias.com.br\/se\/wp-json\/wp\/v2\/comments?post=141789"}],"version-history":[{"count":0,"href":"https:\/\/senoticias.com.br\/se\/wp-json\/wp\/v2\/posts\/141789\/revisions"}],"wp:attachment":[{"href":"https:\/\/senoticias.com.br\/se\/wp-json\/wp\/v2\/media?parent=141789"}],"wp:term":[{"taxonomy":"category","embeddable":true,"href":"https:\/\/senoticias.com.br\/se\/wp-json\/wp\/v2\/categories?post=141789"},{"taxonomy":"post_tag","embeddable":true,"href":"https:\/\/senoticias.com.br\/se\/wp-json\/wp\/v2\/tags?post=141789"}],"curies":[{"name":"wp","href":"https:\/\/api.w.org\/{rel}","templated":true}]}}