{"id":141762,"date":"2024-04-01T07:59:58","date_gmt":"2024-04-01T10:59:58","guid":{"rendered":"https:\/\/senoticias.com.br\/se\/?p=141762"},"modified":"2024-04-01T08:00:19","modified_gmt":"2024-04-01T11:00:19","slug":"micro-onibus-atropela-fieis-durante-procissao-em-pe-4-morreram-e-20-ficaram-feridos","status":"publish","type":"post","link":"https:\/\/senoticias.com.br\/se\/micro-onibus-atropela-fieis-durante-procissao-em-pe-4-morreram-e-20-ficaram-feridos\/","title":{"rendered":"Micro-\u00f4nibus atropela fi\u00e9is durante prociss\u00e3o em PE; 4 morreram e 20 ficaram feridos"},"content":{"rendered":"\n<p><\/p>\n\n\n\n<p>Um micro-\u00f4nibus desgovernado atropelou e matou quatro pessoas, al\u00e9m de ferir outras 20, durante uma prociss\u00e3o em Jaboat\u00e3o dos Guararapes, na regi\u00e3o metropolitana do Recife (PE), neste domingo, 31. <\/p>\n\n\n\n<p>O caso aconteceu na Avenida Barreto de Menezes, no bairro Marcos Freira, na tarde deste domingo de P\u00e1scoa. Segundo testemunhas, o evento estava lotado de fi\u00e9is, incluindo idosos e crian\u00e7as, e o micro-\u00f4nibus fazia uma linha do transporte municipal no momento do acidente.<\/p>\n\n\n\n<figure class=\"wp-block-image size-large\"><img loading=\"lazy\" decoding=\"async\" width=\"599\" height=\"380\" src=\"https:\/\/senoticias.com.br\/se\/wp-content\/uploads\/2024\/04\/Acidente-com-mortes-se-noticias.jpg\" alt=\"\" class=\"wp-image-141763\" srcset=\"https:\/\/senoticias.com.br\/se\/wp-content\/uploads\/2024\/04\/Acidente-com-mortes-se-noticias.jpg 599w, https:\/\/senoticias.com.br\/se\/wp-content\/uploads\/2024\/04\/Acidente-com-mortes-se-noticias-300x190.jpg 300w, https:\/\/senoticias.com.br\/se\/wp-content\/uploads\/2024\/04\/Acidente-com-mortes-se-noticias-190x122.jpg 190w, https:\/\/senoticias.com.br\/se\/wp-content\/uploads\/2024\/04\/Acidente-com-mortes-se-noticias-120x76.jpg 120w, https:\/\/senoticias.com.br\/se\/wp-content\/uploads\/2024\/04\/Acidente-com-mortes-se-noticias-265x168.jpg 265w, https:\/\/senoticias.com.br\/se\/wp-content\/uploads\/2024\/04\/Acidente-com-mortes-se-noticias-284x180.jpg 284w, https:\/\/senoticias.com.br\/se\/wp-content\/uploads\/2024\/04\/Acidente-com-mortes-se-noticias-274x173.jpg 274w, https:\/\/senoticias.com.br\/se\/wp-content\/uploads\/2024\/04\/Acidente-com-mortes-se-noticias-220x140.jpg 220w\" sizes=\"(max-width: 599px) 100vw, 599px\" \/><figcaption>Micro-\u00f4nibus desgovernado atropela fi\u00e9is durante prociss\u00e3o no Grande Recife &#8211; Foto: Reprodu\u00e7\u00e3o\/Redes Sociais<\/figcaption><\/figure>\n\n\n\n<p>Relatos publicados nas redes sociais d\u00e3o conta de que, quando o coletivo foi liberado para passar pela regi\u00e3o, o ve\u00edculo perdeu o freio e acabou atingido os populares. O motorista teria fugido ap\u00f3s o acidente. Os primeiros socorros foram prestados por bombeiros civis presentes na prociss\u00e3o.&nbsp;<\/p>\n\n\n\n<p>O micro-\u00f4nibus seguia da pra\u00e7a do terminal de \u00f4nibus de Marcos Freire em dire\u00e7\u00e3o \u00e0 Igreja de Nossa Senhora do Perp\u00e9tuo Socorro, informou a TV Globo.&nbsp;<\/p>\n\n\n\n<p>Ap\u00f3s o acidente, o local foi isolado pela Pol\u00edcia Militar. Equipes da Pol\u00edcia Civil e do Instituto de Criminal\u00edstica tamb\u00e9m foram enviadas \u00e0 regi\u00e3o para apurar as circunst\u00e2ncias do acidente.<\/p>\n\n\n\n<p>O Terra\u00a0questionou a prefeitura de Jaboat\u00e3o dos Guararapes e a Pol\u00edcia Civil por mais detalhes da ocorr\u00eancia, mas n\u00e3o obteve resposta at\u00e9 a \u00faltima atualiza\u00e7\u00e3o. O espa\u00e7o segue aberto.<\/p>\n\n\n\n<p><strong><em><strong><em>Acompanhe tamb\u00e9m o SE Not\u00edcias no\u00a0<a rel=\"noreferrer noopener\" href=\"https:\/\/www.instagram.com\/senoticias\/\" target=\"_blank\">Instagram<\/a><\/em><\/strong><\/em><\/strong>,\u00a0<strong><em><strong><em>\u00a0<a rel=\"noreferrer noopener\" href=\"https:\/\/www.facebook.com\/senoticias1\" target=\"_blank\">Facebook<\/a>\u00a0e<\/em><\/strong><\/em><\/strong>\u00a0<strong><em>no<\/em>\u00a0<em><a href=\"https:\/\/twitter.com\/Senoticias\">X<\/a><\/em><\/strong><\/p>\n\n\n\n<p>Fonte: Portal Terra<\/p>\n","protected":false},"excerpt":{"rendered":"<p>Um micro-\u00f4nibus desgovernado atropelou e matou quatro pessoas, al\u00e9m de ferir outras 20, durante uma prociss\u00e3o em Jaboat\u00e3o dos Guararapes, na regi\u00e3o metropolitana do Recife (PE), neste domingo, 31. O caso aconteceu na Avenida Barreto de Menezes, no bairro Marcos Freira, na tarde deste domingo de P\u00e1scoa. Segundo testemunhas, o evento estava lotado de fi\u00e9is, [&hellip;]<\/p>\n","protected":false},"author":6557,"featured_media":0,"comment_status":"closed","ping_status":"closed","sticky":false,"template":"","format":"standard","meta":{"footnotes":""},"categories":[15,2961,1],"tags":[40590,36646,5054],"class_list":{"0":"post-141762","1":"post","2":"type-post","3":"status-publish","4":"format-standard","6":"category-destaques","7":"category-nacional","8":"category-sem-categoria","9":"tag-acidente-com-micro-onibus","10":"tag-jaboatao-dos-guararapes","11":"tag-micro-onibus"},"_links":{"self":[{"href":"https:\/\/senoticias.com.br\/se\/wp-json\/wp\/v2\/posts\/141762"}],"collection":[{"href":"https:\/\/senoticias.com.br\/se\/wp-json\/wp\/v2\/posts"}],"about":[{"href":"https:\/\/senoticias.com.br\/se\/wp-json\/wp\/v2\/types\/post"}],"author":[{"embeddable":true,"href":"https:\/\/senoticias.com.br\/se\/wp-json\/wp\/v2\/users\/6557"}],"replies":[{"embeddable":true,"href":"https:\/\/senoticias.com.br\/se\/wp-json\/wp\/v2\/comments?post=141762"}],"version-history":[{"count":0,"href":"https:\/\/senoticias.com.br\/se\/wp-json\/wp\/v2\/posts\/141762\/revisions"}],"wp:attachment":[{"href":"https:\/\/senoticias.com.br\/se\/wp-json\/wp\/v2\/media?parent=141762"}],"wp:term":[{"taxonomy":"category","embeddable":true,"href":"https:\/\/senoticias.com.br\/se\/wp-json\/wp\/v2\/categories?post=141762"},{"taxonomy":"post_tag","embeddable":true,"href":"https:\/\/senoticias.com.br\/se\/wp-json\/wp\/v2\/tags?post=141762"}],"curies":[{"name":"wp","href":"https:\/\/api.w.org\/{rel}","templated":true}]}}