{"id":141739,"date":"2024-03-27T11:24:22","date_gmt":"2024-03-27T14:24:22","guid":{"rendered":"https:\/\/senoticias.com.br\/se\/?p=141739"},"modified":"2024-03-27T11:24:32","modified_gmt":"2024-03-27T14:24:32","slug":"criminosos-abrem-fogo-contra-estabelecimento-comercial-e-tres-pessoas-sao-baleadas-em-aracaju","status":"publish","type":"post","link":"https:\/\/senoticias.com.br\/se\/criminosos-abrem-fogo-contra-estabelecimento-comercial-e-tres-pessoas-sao-baleadas-em-aracaju\/","title":{"rendered":"Criminosos abrem fogo contra estabelecimento comercial e tr\u00eas pessoas s\u00e3o baleadas em Aracaju"},"content":{"rendered":"\n<p>Tr\u00eas homens foram baleados durante uma tentativa de homic\u00eddio no final da tarde desta ter\u00e7a-feira (26), em um estabelecimento comercial localizado na Rua Est\u00e2ncia, centro de Aracaju. Um dos homens, identificado como Givaldo, foi alvejado com pelo menos tr\u00eas disparos na regi\u00e3o do t\u00f3rax e foi encaminhado ao hospital em uma ambul\u00e2ncia do Servi\u00e7o de Atendimento M\u00f3vel de Urg\u00eancia (Samu).<\/p>\n\n\n\n<figure class=\"wp-block-image size-large\"><img loading=\"lazy\" decoding=\"async\" width=\"599\" height=\"401\" src=\"https:\/\/senoticias.com.br\/se\/wp-content\/uploads\/2024\/03\/WhatsApp-Image-2024-03-27-at-11.22.53-e1711549411342.jpeg\" alt=\"\" class=\"wp-image-141741\"\/><figcaption>De acordo com testemunhas, os homens gritaram por um nome e, em seguida, efetuaram os disparos\n<\/figcaption><\/figure>\n\n\n\n<p>Os outros dois feridos s\u00e3o funcion\u00e1rios de uma rede de telefonia e foram alvejados na regi\u00e3o da perna. Eles tamb\u00e9m receberam atendimento m\u00e9dico e estavam conscientes.<\/p>\n\n\n\n<p>As tr\u00eas v\u00edtimas estavam dentro de uma loja de acess\u00f3rios para smartphones quando homens se aproximaram em um motocicleta. De acordo com testemunhas, os homens gritaram por um nome e, em seguida, come\u00e7aram a efetuar os disparos. Eles fugiram do local e seguem sendo procurados pela Pol\u00edcia.<\/p>\n\n\n\n<p><strong><em><strong><em>Acompanhe tamb\u00e9m o SE Not\u00edcias no\u00a0<a rel=\"noreferrer noopener\" href=\"https:\/\/twitter.com\/Senoticias\" target=\"_blank\">Twitter<\/a>,\u00a0<a rel=\"noreferrer noopener\" href=\"https:\/\/www.facebook.com\/senoticias1\" target=\"_blank\">Facebook<\/a>\u00a0e no\u00a0<a rel=\"noreferrer noopener\" href=\"https:\/\/www.instagram.com\/senoticias\/\" target=\"_blank\">Instagram<\/a><\/em><\/strong><\/em><\/strong><\/p>\n\n\n\n<p>Fonte: A8 SE<\/p>\n","protected":false},"excerpt":{"rendered":"<p>Tr\u00eas homens foram baleados durante uma tentativa de homic\u00eddio no final da tarde desta ter\u00e7a-feira (26), em um estabelecimento comercial localizado na Rua Est\u00e2ncia, centro de Aracaju. Um dos homens, identificado como Givaldo, foi alvejado com pelo menos tr\u00eas disparos na regi\u00e3o do t\u00f3rax e foi encaminhado ao hospital em uma ambul\u00e2ncia do Servi\u00e7o de [&hellip;]<\/p>\n","protected":false},"author":6557,"featured_media":0,"comment_status":"closed","ping_status":"closed","sticky":false,"template":"","format":"standard","meta":{"footnotes":""},"categories":[15,7],"tags":[13360,4849],"class_list":{"0":"post-141739","1":"post","2":"type-post","3":"status-publish","4":"format-standard","6":"category-destaques","7":"category-policia","8":"tag-criminosos","9":"tag-tiroteio"},"_links":{"self":[{"href":"https:\/\/senoticias.com.br\/se\/wp-json\/wp\/v2\/posts\/141739"}],"collection":[{"href":"https:\/\/senoticias.com.br\/se\/wp-json\/wp\/v2\/posts"}],"about":[{"href":"https:\/\/senoticias.com.br\/se\/wp-json\/wp\/v2\/types\/post"}],"author":[{"embeddable":true,"href":"https:\/\/senoticias.com.br\/se\/wp-json\/wp\/v2\/users\/6557"}],"replies":[{"embeddable":true,"href":"https:\/\/senoticias.com.br\/se\/wp-json\/wp\/v2\/comments?post=141739"}],"version-history":[{"count":0,"href":"https:\/\/senoticias.com.br\/se\/wp-json\/wp\/v2\/posts\/141739\/revisions"}],"wp:attachment":[{"href":"https:\/\/senoticias.com.br\/se\/wp-json\/wp\/v2\/media?parent=141739"}],"wp:term":[{"taxonomy":"category","embeddable":true,"href":"https:\/\/senoticias.com.br\/se\/wp-json\/wp\/v2\/categories?post=141739"},{"taxonomy":"post_tag","embeddable":true,"href":"https:\/\/senoticias.com.br\/se\/wp-json\/wp\/v2\/tags?post=141739"}],"curies":[{"name":"wp","href":"https:\/\/api.w.org\/{rel}","templated":true}]}}