{"id":141714,"date":"2024-03-25T18:46:52","date_gmt":"2024-03-25T21:46:52","guid":{"rendered":"https:\/\/senoticias.com.br\/se\/?p=141714"},"modified":"2024-03-25T20:28:26","modified_gmt":"2024-03-25T23:28:26","slug":"prefeito-de-sao-cristovao-marcos-santana-confirma-nome-de-gedalva-umbauba-para-vice-de-julio-junior","status":"publish","type":"post","link":"https:\/\/senoticias.com.br\/se\/prefeito-de-sao-cristovao-marcos-santana-confirma-nome-de-gedalva-umbauba-para-vice-de-julio-junior\/","title":{"rendered":"Prefeito de S\u00e3o Crist\u00f3v\u00e3o, Marcos Santana, confirma nome de Gedalva Umbaub\u00e1 para vice de J\u00falio J\u00fanior"},"content":{"rendered":"\n<p><\/p>\n\n\n\n<p>O Prefeito Marcos Santana, divulgou nesta segunda-feira (25), em entrevista exclusiva ao radialista Israel Sarmento, da r\u00e1dio 106.3 FM, a filia\u00e7\u00e3o de J\u00falio J\u00fanior ao Uni\u00e3o Brasil, que ocorre na pr\u00f3xima quarta-feira, 27, e de Gedalva Umbaub\u00e1, que vai se filiar ao PT nesta ter\u00e7a-feira, 26, para compor a chapa de J\u00falio J\u00fanior como vice-prefeita nas elei\u00e7\u00f5es de 2024.<\/p>\n\n\n\n<p><strong>Ao SE Not\u00edcias,<\/strong> o prefeito Marcos Santana, revelou que Gedalva Umbaub\u00e1 concorrer\u00e1 \u00e0 vaga de vice-prefeita ao lado de J\u00falio Junior, pr\u00e9-candidato \u00e0 prefeitura da cidade de S\u00e3o Crist\u00f3v\u00e3o, no pleito de 2024.<\/p>\n\n\n\n<figure class=\"wp-block-image size-large\"><img loading=\"lazy\" decoding=\"async\" width=\"586\" height=\"990\" src=\"https:\/\/senoticias.com.br\/se\/wp-content\/uploads\/2024\/03\/Julio-e-Gedalva-SE-Noticias.jpg\" alt=\"\" class=\"wp-image-141715\" srcset=\"https:\/\/senoticias.com.br\/se\/wp-content\/uploads\/2024\/03\/Julio-e-Gedalva-SE-Noticias.jpg 586w, https:\/\/senoticias.com.br\/se\/wp-content\/uploads\/2024\/03\/Julio-e-Gedalva-SE-Noticias-178x300.jpg 178w\" sizes=\"(max-width: 586px) 100vw, 586px\" \/><figcaption>Grupo pol\u00edtico do prefeito Marcos Santana definiu o pr\u00e9-candidato \u00e0 prefeito J\u00falio J\u00fanior e Gedalva Umbaub\u00e1 como vice &#8211; Foto: redes sociais<\/figcaption><\/figure>\n\n\n\n<p>\u201cTive uma conversa com J\u00fanior, para alinhar quais seriam as probabilidades dessa coopera\u00e7\u00e3o, e em outro momento conversamos com Gedalva, falei sobre as minhas preocupa\u00e7\u00f5es, porque sou uma pessoa comprometida, as ideias foram avan\u00e7ando, e depois de muitas tratativas tivemos a confirma\u00e7\u00e3o de que Gedalva estar\u00e1 conosco nesta elei\u00e7\u00e3o\u201d, enfatiza o prefeito Marcos Santana.<\/p>\n\n\n\n<p><strong>J\u00falio Nascimento J\u00fanior, 46 anos<\/strong>, \u00e9 um engenheiro civil formado pela Universidade Federal de Sergipe (UFS) desde 2000. J\u00falio J\u00fanior nasceu no dia 28 de setembro de 1976, \u00e9 filho de um uma baiana com um sergipano, solteiro e pai de dois filhos. O pai dele estudou na Escola Agrot\u00e9cnica de S\u00e3o Crist\u00f3v\u00e3o &#8211; hoje IFS. Ele nunca disputou mandato eletivo.<\/p>\n\n\n\n<p><strong>Gedalva dos Santos Sobral <\/strong>(\u00e9 conhecida como Gedalva Umbaub\u00e1), 61 anos, \u00e9 a ca\u00e7ula de 15 filhos, nascida em 24 de abril de 1963, na capital Sergipana, na Maternidade S\u00e3o Francisco. Cursou Pedagogia na Universidade Tiradentes. Em 2012, Gedalva Umba\u00faba se candidata a vereadora de S\u00e3o Crist\u00f3v\u00e3o e \u00e9 eleita democraticamente. Em 2020, Gedalva se candidatou ao cargo de deputada federal, foi a mais votada na cidade, com 7.514 votos.<\/p>\n\n\n\n<p>\u201cColoco meu nome \u00e0 disposi\u00e7\u00e3o do meu partido, o Uni\u00e3o Brasil, para disputar a nova elei\u00e7\u00e3o e, se for a vontade do povo, administrar a prefeitura de S\u00e3o Crist\u00f3v\u00e3o por 4 anos. Nesta pr\u00e9-campanha, o compromisso que assumimos hoje, quero construir com meus parceiros de partido e aliados um programa de governo que fa\u00e7a com que S\u00e3o Crist\u00f3v\u00e3o avance ainda mais\u201d, conclui J\u00falio J\u00fanior.<\/p>\n\n\n\n<p>Procurada pela reportagem do <strong>Portal SE Not\u00edcias<\/strong>, Gedalva Umbaub\u00e1 confirmou a decis\u00e3o de integrar o grupo liderado do prefeito Marcos Santana, como pr\u00e9-candidata a vice de J\u00falio J\u00fanior. Disse ainda que vai se filiar ao PT nesta ter\u00e7a-feira, \u00e0s 9h, na sede estadual do Partido dos Trabalhadores (PT). &#8220;Chego ao grupo consciente de que S\u00e3o Crist\u00f3v\u00e3o foi transformada para melhor com a atual gest\u00e3o e que juntos podemos fazer muito mais&#8221;, declarou Gedalva Umbaub\u00e1.<\/p>\n\n\n\n<p><strong><em><strong><em>Acompanhe tamb\u00e9m o SE Not\u00edcias no&nbsp;<a rel=\"noreferrer noopener\" href=\"https:\/\/twitter.com\/Senoticias\" target=\"_blank\">Twitter<\/a>,&nbsp;<a rel=\"noreferrer noopener\" href=\"https:\/\/www.facebook.com\/senoticias1\" target=\"_blank\">Facebook<\/a>&nbsp;e no&nbsp;<a rel=\"noreferrer noopener\" href=\"https:\/\/www.instagram.com\/senoticias\/\" target=\"_blank\">Instagram<\/a><\/em><\/strong><\/em><\/strong><\/p>\n\n\n\n<p>Reda\u00e7\u00e3o SE Not\u00edcias<\/p>\n","protected":false},"excerpt":{"rendered":"<p>O Prefeito Marcos Santana, divulgou nesta segunda-feira (25), em entrevista exclusiva ao radialista Israel Sarmento, da r\u00e1dio 106.3 FM, a filia\u00e7\u00e3o de J\u00falio J\u00fanior ao Uni\u00e3o Brasil, que ocorre na pr\u00f3xima quarta-feira, 27, e de Gedalva Umbaub\u00e1, que vai se filiar ao PT nesta ter\u00e7a-feira, 26, para compor a chapa de J\u00falio J\u00fanior como vice-prefeita [&hellip;]<\/p>\n","protected":false},"author":6557,"featured_media":0,"comment_status":"closed","ping_status":"closed","sticky":false,"template":"","format":"standard","meta":{"footnotes":""},"categories":[15,38,1],"tags":[38426,41363,40542],"class_list":{"0":"post-141714","1":"post","2":"type-post","3":"status-publish","4":"format-standard","6":"category-destaques","7":"category-municipios","8":"category-sem-categoria","9":"tag-eleicoes-2024","10":"tag-gedalva-umbauba-3","11":"tag-julio-junior"},"_links":{"self":[{"href":"https:\/\/senoticias.com.br\/se\/wp-json\/wp\/v2\/posts\/141714"}],"collection":[{"href":"https:\/\/senoticias.com.br\/se\/wp-json\/wp\/v2\/posts"}],"about":[{"href":"https:\/\/senoticias.com.br\/se\/wp-json\/wp\/v2\/types\/post"}],"author":[{"embeddable":true,"href":"https:\/\/senoticias.com.br\/se\/wp-json\/wp\/v2\/users\/6557"}],"replies":[{"embeddable":true,"href":"https:\/\/senoticias.com.br\/se\/wp-json\/wp\/v2\/comments?post=141714"}],"version-history":[{"count":0,"href":"https:\/\/senoticias.com.br\/se\/wp-json\/wp\/v2\/posts\/141714\/revisions"}],"wp:attachment":[{"href":"https:\/\/senoticias.com.br\/se\/wp-json\/wp\/v2\/media?parent=141714"}],"wp:term":[{"taxonomy":"category","embeddable":true,"href":"https:\/\/senoticias.com.br\/se\/wp-json\/wp\/v2\/categories?post=141714"},{"taxonomy":"post_tag","embeddable":true,"href":"https:\/\/senoticias.com.br\/se\/wp-json\/wp\/v2\/tags?post=141714"}],"curies":[{"name":"wp","href":"https:\/\/api.w.org\/{rel}","templated":true}]}}