{"id":141695,"date":"2024-03-24T18:14:29","date_gmt":"2024-03-24T21:14:29","guid":{"rendered":"https:\/\/senoticias.com.br\/se\/?p=141695"},"modified":"2024-03-24T18:14:35","modified_gmt":"2024-03-24T21:14:35","slug":"mulher-e-presa-por-usar-gata-para-entrar-com-celulares-no-presidio-de-tobias-barreto","status":"publish","type":"post","link":"https:\/\/senoticias.com.br\/se\/mulher-e-presa-por-usar-gata-para-entrar-com-celulares-no-presidio-de-tobias-barreto\/","title":{"rendered":"Mulher \u00e9 presa por usar gata para entrar com celulares no pres\u00eddio de Tobias Barreto"},"content":{"rendered":"\n<p>Uma mulher foi presa em flagrante por utilizar uma gata para inserir materiais il\u00edcitos dentro do Pres\u00eddio Regional Manoel Barbosa de Souza, em Tobias Barreto. Segundo a Secretaria de Estado da Justica (Sejuc), a pris\u00e3o ocorreu no s\u00e1bado (23) atrav\u00e9s de uma investiga\u00e7\u00e3o que teve in\u00edcio em outubro de 2023.<\/p>\n\n\n\n<p>Policiais penais encontraram o animal amarrado e amorda\u00e7ado no interior de uma sacola utilizada para levar produtos aliment\u00edcios ao companheiro da mulher, que est\u00e1 sob cust\u00f3dia no local pelos crimes de roubo qualificado e porte ilegal de arma de fogo.<\/p>\n\n\n\n<figure class=\"wp-block-image size-large\"><img loading=\"lazy\" decoding=\"async\" width=\"586\" height=\"387\" src=\"https:\/\/senoticias.com.br\/se\/wp-content\/uploads\/2024\/03\/Gata-se-noticias.jpg\" alt=\"\" class=\"wp-image-141696\" srcset=\"https:\/\/senoticias.com.br\/se\/wp-content\/uploads\/2024\/03\/Gata-se-noticias.jpg 586w, https:\/\/senoticias.com.br\/se\/wp-content\/uploads\/2024\/03\/Gata-se-noticias-300x198.jpg 300w, https:\/\/senoticias.com.br\/se\/wp-content\/uploads\/2024\/03\/Gata-se-noticias-90x60.jpg 90w, https:\/\/senoticias.com.br\/se\/wp-content\/uploads\/2024\/03\/Gata-se-noticias-180x120.jpg 180w, https:\/\/senoticias.com.br\/se\/wp-content\/uploads\/2024\/03\/Gata-se-noticias-95x64.jpg 95w\" sizes=\"(max-width: 586px) 100vw, 586px\" \/><figcaption>Gata estava dentro de uma sacola \u2014 Foto: Sejuc\/SE<\/figcaption><\/figure>\n\n\n\n<p>As investiga\u00e7\u00f5es apontaram que o esquema funcionava da seguinte forma: as companheiras, ap\u00f3s o dia de visita, colocavam a gata dentro de uma sacola amarrada e amorda\u00e7ada, para impedir que se mexesse ou fizesse algum tipo de barulho durante a sa\u00edda do pres\u00eddio. Uma vez na parte externa, elas colocam uma vestimenta no animal que o possibilitasse de carregar esses materiais, a exemplo de aparelhos celulares, aguardando que esses il\u00edcitos seriam entregues no interior da unidade prisional.<\/p>\n\n\n\n<figure class=\"wp-block-image size-large\"><img loading=\"lazy\" decoding=\"async\" width=\"552\" height=\"319\" src=\"https:\/\/senoticias.com.br\/se\/wp-content\/uploads\/2024\/03\/Gata-era-utilizada-para-entrar-com-drogas-se-noticias.jpg\" alt=\"\" class=\"wp-image-141697\" srcset=\"https:\/\/senoticias.com.br\/se\/wp-content\/uploads\/2024\/03\/Gata-era-utilizada-para-entrar-com-drogas-se-noticias.jpg 552w, https:\/\/senoticias.com.br\/se\/wp-content\/uploads\/2024\/03\/Gata-era-utilizada-para-entrar-com-drogas-se-noticias-300x173.jpg 300w\" sizes=\"(max-width: 552px) 100vw, 552px\" \/><figcaption>Gata estava dentro de uma sacola \u2014 Foto: Sejuc\/SE<\/figcaption><\/figure>\n\n\n\n<p>\u201cAl\u00e9m desse fato, em outras tr\u00eas oportunidades nossas equipes encontraram pequenos smartphones e fones de ouvido j\u00e1 no per\u00edmetro interno do pres\u00eddio. Diante disso, efetuamos diversas dilig\u00eancias para apurar a origem desse material, at\u00e9 que descobrimos que o respons\u00e1vel era uma gata utilizando uma esp\u00e9cie de roupa adaptada. A partir da\u00ed, come\u00e7amos a trabalhar no sentido de descobrir em qual pavilh\u00e3o estava o animal e como se dava a sua entrada e sa\u00edda\u201d, disse o diretor do pres\u00eddio, Raimundo de Santana.<\/p>\n\n\n\n<p><strong><em><strong><em>Acompanhe tamb\u00e9m o SE Not\u00edcias no\u00a0<a rel=\"noreferrer noopener\" href=\"https:\/\/twitter.com\/Senoticias\" target=\"_blank\">Twitter<\/a>,\u00a0<a rel=\"noreferrer noopener\" href=\"https:\/\/www.facebook.com\/senoticias1\" target=\"_blank\">Facebook<\/a>\u00a0e no\u00a0<a rel=\"noreferrer noopener\" href=\"https:\/\/www.instagram.com\/senoticias\/\" target=\"_blank\">Instagram<\/a><\/em><\/strong><\/em><\/strong><\/p>\n\n\n\n<p>Fonte: g1se<\/p>\n\n\n\n<p><\/p>\n\n\n\n<p><\/p>\n\n\n\n<p><\/p>\n","protected":false},"excerpt":{"rendered":"<p>Uma mulher foi presa em flagrante por utilizar uma gata para inserir materiais il\u00edcitos dentro do Pres\u00eddio Regional Manoel Barbosa de Souza, em Tobias Barreto. Segundo a Secretaria de Estado da Justica (Sejuc), a pris\u00e3o ocorreu no s\u00e1bado (23) atrav\u00e9s de uma investiga\u00e7\u00e3o que teve in\u00edcio em outubro de 2023. Policiais penais encontraram o animal [&hellip;]<\/p>\n","protected":false},"author":6557,"featured_media":0,"comment_status":"closed","ping_status":"closed","sticky":false,"template":"","format":"standard","meta":{"footnotes":""},"categories":[15,7],"tags":[13780,41351,41352,41350],"class_list":{"0":"post-141695","1":"post","2":"type-post","3":"status-publish","4":"format-standard","6":"category-destaques","7":"category-policia","8":"tag-celulares-no-presidio","9":"tag-gata","10":"tag-mulher-foi-presa","11":"tag-presidio-de-tobias-barreto-2"},"_links":{"self":[{"href":"https:\/\/senoticias.com.br\/se\/wp-json\/wp\/v2\/posts\/141695"}],"collection":[{"href":"https:\/\/senoticias.com.br\/se\/wp-json\/wp\/v2\/posts"}],"about":[{"href":"https:\/\/senoticias.com.br\/se\/wp-json\/wp\/v2\/types\/post"}],"author":[{"embeddable":true,"href":"https:\/\/senoticias.com.br\/se\/wp-json\/wp\/v2\/users\/6557"}],"replies":[{"embeddable":true,"href":"https:\/\/senoticias.com.br\/se\/wp-json\/wp\/v2\/comments?post=141695"}],"version-history":[{"count":0,"href":"https:\/\/senoticias.com.br\/se\/wp-json\/wp\/v2\/posts\/141695\/revisions"}],"wp:attachment":[{"href":"https:\/\/senoticias.com.br\/se\/wp-json\/wp\/v2\/media?parent=141695"}],"wp:term":[{"taxonomy":"category","embeddable":true,"href":"https:\/\/senoticias.com.br\/se\/wp-json\/wp\/v2\/categories?post=141695"},{"taxonomy":"post_tag","embeddable":true,"href":"https:\/\/senoticias.com.br\/se\/wp-json\/wp\/v2\/tags?post=141695"}],"curies":[{"name":"wp","href":"https:\/\/api.w.org\/{rel}","templated":true}]}}