{"id":141691,"date":"2024-03-23T19:57:03","date_gmt":"2024-03-23T22:57:03","guid":{"rendered":"https:\/\/senoticias.com.br\/se\/?p=141691"},"modified":"2024-03-23T21:27:28","modified_gmt":"2024-03-24T00:27:28","slug":"lucas-barboza-e-viola-kosgei-vencem-39a-edicao-da-corrida-cidade-de-aracaju","status":"publish","type":"post","link":"https:\/\/senoticias.com.br\/se\/lucas-barboza-e-viola-kosgei-vencem-39a-edicao-da-corrida-cidade-de-aracaju\/","title":{"rendered":"Lucas Barboza e Viola Jelagat vencem 39\u00aa edi\u00e7\u00e3o da Corrida Cidade de Aracaju"},"content":{"rendered":"\n<p>Na tarde deste s\u00e1bado, ainda dentro da programa\u00e7\u00e3o de anivers\u00e1rio da capital, foi realizada a 39\u00aa edi\u00e7\u00e3o da Corrida Cidade de Aracaju, nos 5km, 10km e nos tradicionais dos 24km. Neste percurso maior, com largada da Pra\u00e7a Get\u00falio Vargas em S\u00e3o Crist\u00f3v\u00e3o, e chegada a partir deste ano na Pra\u00e7a Fausto Cardoso, em Aracaju, um pernambucano e uma queniana garantiram a primeira coloca\u00e7\u00e3o.<\/p>\n\n\n\n<p>Na prova masculina, Lucas Barboza, o Japa, imprimiu um ritmo impressionante, assumindo a primeira coloca\u00e7\u00e3o no segundo quil\u00f4metro e n\u00e3o abandonando mais a ponta, fazendo uma corrida muito consistente e vencendo com tranquilidade. Ele fechou a prova com o tempo de 01&#8217;15&#8217;51.<\/p>\n\n\n\n<figure class=\"wp-block-image size-large\"><img loading=\"lazy\" decoding=\"async\" width=\"593\" height=\"396\" src=\"https:\/\/senoticias.com.br\/se\/wp-content\/uploads\/2024\/03\/Vencedor-da-Corrida-Cidade-de-Aracaju-se-noticias.jpg\" alt=\"\" class=\"wp-image-141692\" srcset=\"https:\/\/senoticias.com.br\/se\/wp-content\/uploads\/2024\/03\/Vencedor-da-Corrida-Cidade-de-Aracaju-se-noticias.jpg 593w, https:\/\/senoticias.com.br\/se\/wp-content\/uploads\/2024\/03\/Vencedor-da-Corrida-Cidade-de-Aracaju-se-noticias-300x200.jpg 300w, https:\/\/senoticias.com.br\/se\/wp-content\/uploads\/2024\/03\/Vencedor-da-Corrida-Cidade-de-Aracaju-se-noticias-90x60.jpg 90w, https:\/\/senoticias.com.br\/se\/wp-content\/uploads\/2024\/03\/Vencedor-da-Corrida-Cidade-de-Aracaju-se-noticias-180x120.jpg 180w, https:\/\/senoticias.com.br\/se\/wp-content\/uploads\/2024\/03\/Vencedor-da-Corrida-Cidade-de-Aracaju-se-noticias-95x64.jpg 95w\" sizes=\"(max-width: 593px) 100vw, 593px\" \/><figcaption>Lucas Barboza, o Japa, vence os 24km, na prova masculina, da 39\u00aa edi\u00e7\u00e3o da Corrida Cidade de Aracaju \u2014 Foto: S\u00e9rgio Silva\/PMA<\/figcaption><\/figure>\n\n\n\n<p>Divididos em seis categorias: geral, faixa et\u00e1ria, sergipano, servidor municipal, juvenil e pessoas com defici\u00eancia, essa diversidade garantiu que todos os participantes encontrassem uma op\u00e7\u00e3o que se adaptasse \u00e0s suas caracter\u00edsticas individuais, promovendo assim uma competi\u00e7\u00e3o mais inclusiva e representativa. Ap\u00f3s cruzarem a linha de chegada, os vencedores de cada trajeto compartilharam suas experi\u00eancias e emo\u00e7\u00f5es. Lucas Barboza, conhecido como \u201cJapa\u201d, natural de Belo Jardim, Pernambuco, foi o campe\u00e3o geral da categoria 24 km masculino.<\/p>\n\n\n\n<p>\u201cA satisfa\u00e7\u00e3o \u00e9 imensa de competir com o melhor do Brasil. Obrigado Aracaju, obrigado por essa bela organiza\u00e7\u00e3o, hidrata\u00e7\u00e3o em dois e dois quil\u00f4metros, est\u00e3o todos de parab\u00e9ns. Agrade\u00e7o ao p\u00fablico e ao meu treinador tamb\u00e9m, al\u00e9m da minha cidade natal\u201d, disse o atleta, ainda puxando f\u00f4lego, mas inebriado de felicidade.<\/p>\n\n\n\n<p>Na categoria 24 km feminino,<strong> Viola Jelagat<\/strong>, da cidade de Keiyo, Qu\u00eania, de 24 anos, confirmou seu favoritismo. A atleta j\u00e1 participou de diversas competi\u00e7\u00f5es nacionais, sendo campe\u00e3 em algumas delas, bem como na Volta Internacional da Pampulha, Corrida S\u00e3o Silvestre e a Meia Maratona do Rio de Janeiro. &#8220;O percurso foi dif\u00edcil, as subidas e descidas foram complicadas, mas vencer foi muito bom! Quero voltar ano que vem&#8221;, afirmou.<\/p>\n\n\n\n<p><strong>Jo\u00e3o Marcos Santos Ferreira, 28 anos<\/strong>, \u00e9 natural de S\u00e3o Crist\u00f3v\u00e3o, e foi o 3\u00ba lugar geral e sergipano melhor colocado da prova. &#8220;J\u00e1 tenho umas oito participa\u00e7\u00f5es nesta prova. Cresci assistindo essa corrida, quando passava dentro do meu povoado e passei a correr por causa dela. Depois de muitos anos, passei de espectador a atleta, e consegui ficar entre os tr\u00eas primeiros, representando meu estado. Ent\u00e3o, fazer essa prova foi muito emocionante, porque tem toda uma hist\u00f3ria por tr\u00e1s de um resultado&#8221;, disse emocionado.<\/p>\n\n\n\n<p><strong>Tarc\u00edsio Alves Nunes Barbosa<\/strong>, de 18 anos, foi o vencedor da categoria Pessoas com Defici\u00eancia (PcD) masculino. Um fen\u00f4meno, o garoto chega pela terceira vez consecutiva em primeiro lugar. \u201c\u00c9 a terceira vez seguida que eu ven\u00e7o. A sensa\u00e7\u00e3o \u00e9 como se fosse a primeira, e melhorar o meu tempo foi ainda mais satisfat\u00f3rio\u201d, disse, com sorriso largo.<\/p>\n\n\n\n<p>Na categoria 5 km masculino, <strong>\u00c1lvaro dos Santos Lima<\/strong>, 22, natural de Macei\u00f3\/AL, subiu no primeiro lugar do p\u00f3dio. Para ele, a sensa\u00e7\u00e3o de vit\u00f3ria \u00e9 indescrit\u00edvel. \u201cEstou muito feliz. \u00c9 resultado de muito treino, muito trabalho duro. \u00c9 o quarto ano seguido que participo e agora sou tricampe\u00e3o da prova\u201d, afirmou.<\/p>\n\n\n\n<p><strong>Cl\u00edcia Gabrileli, 22<\/strong>, tamb\u00e9m natural de Macei\u00f3, venceu na modalidade 5 km feminino. \u201cH\u00e1 seis anos eu fa\u00e7o atletismo. Ano passado estive aqui e fiquei em segundo lugar, porque estava machucada, mas este ano, gra\u00e7as a Deus, ocupei o primeiro lugar. Estou maravilhada, vinha treinando muito para baixar esse tempo e ter esse resultado. Quero agradecer a todos\u201d, disse.<\/p>\n\n\n\n<p><strong>Carlos Leite, 16 anos<\/strong>, natural de Divina Pastora, foi o vencedor da categoria 5 km juvenil. &#8220;Estou muito feliz, agrade\u00e7o a minha equipe, que me apoiou, porque estou treinando desde o ano passado. Aconselho a todos que querem participar, a se dedicar bastante&#8221;, incentivou o atleta.<\/p>\n\n\n\n<p><strong>Virg\u00ednia Xavier, 55 anos<\/strong>, aracajuana, foi a vencedora na categoria Pessoa com Defici\u00eancia (PcD), no percurso de 10 km. \u201cCorrer em casa \u00e9 maravilhoso. Espero que todos se realizem ao fazer esta corrida. Fiz 10 km e foi tudo de bom. Para quem est\u00e1 querendo come\u00e7ar, n\u00e3o tenha medo, v\u00e1, comece 100 metros caminhando, depois 100 correndo, depois siga em frente. Correr \u00e9 tudo de bom&#8221;, disse a corredora, maravilhada.<\/p>\n\n\n\n<p>Al\u00e9m das emocionantes vit\u00f3rias individuais, a premia\u00e7\u00e3o da 39\u00aa Corrida Cidade de Aracaju contemplou os participantes com medalhas de participa\u00e7\u00e3o. Ao todo, foram distribu\u00eddos 285 trof\u00e9us e R$ 200 mil em pr\u00eamios, de acordo com o desempenho e a classifica\u00e7\u00e3o de cada atleta. Os p\u00f3dios foram formados de acordo com as categorias estabelecidas, garantindo uma competi\u00e7\u00e3o justa e equitativa para todos os participantes.<\/p>\n\n\n\n<p><br><br><strong><em><strong><em>Acompanhe tamb\u00e9m o SE Not\u00edcias no\u00a0<a rel=\"noreferrer noopener\" href=\"https:\/\/twitter.com\/Senoticias\" target=\"_blank\">Twitter<\/a>,\u00a0<a rel=\"noreferrer noopener\" href=\"https:\/\/www.facebook.com\/senoticias1\" target=\"_blank\">Facebook<\/a>\u00a0e no\u00a0<a rel=\"noreferrer noopener\" href=\"https:\/\/www.instagram.com\/senoticias\/\" target=\"_blank\">Instagram<\/a><\/em><\/strong><\/em><\/strong><br><br>Fonte: Ag\u00eancia Aracaju de Not\u00edcias e  GE\/SE<\/p>\n","protected":false},"excerpt":{"rendered":"<p>Na tarde deste s\u00e1bado, ainda dentro da programa\u00e7\u00e3o de anivers\u00e1rio da capital, foi realizada a 39\u00aa edi\u00e7\u00e3o da Corrida Cidade de Aracaju, nos 5km, 10km e nos tradicionais dos 24km. Neste percurso maior, com largada da Pra\u00e7a Get\u00falio Vargas em S\u00e3o Crist\u00f3v\u00e3o, e chegada a partir deste ano na Pra\u00e7a Fausto Cardoso, em Aracaju, um [&hellip;]<\/p>\n","protected":false},"author":6557,"featured_media":0,"comment_status":"closed","ping_status":"closed","sticky":false,"template":"","format":"standard","meta":{"footnotes":""},"categories":[15,26,1],"tags":[41347,9084,2190,41348,36842,41346],"class_list":{"0":"post-141691","1":"post","2":"type-post","3":"status-publish","4":"format-standard","6":"category-destaques","7":"category-esportes","8":"category-sem-categoria","9":"tag-39a-edicao-da-corrida-cidade-de-aracaju","10":"tag-aniversario-de-aracaju","11":"tag-corrida-cidade-de-aracaju","12":"tag-lucas-barboza","13":"tag-sao-cristovao-3","14":"tag-vencedor-da-corrida"},"_links":{"self":[{"href":"https:\/\/senoticias.com.br\/se\/wp-json\/wp\/v2\/posts\/141691"}],"collection":[{"href":"https:\/\/senoticias.com.br\/se\/wp-json\/wp\/v2\/posts"}],"about":[{"href":"https:\/\/senoticias.com.br\/se\/wp-json\/wp\/v2\/types\/post"}],"author":[{"embeddable":true,"href":"https:\/\/senoticias.com.br\/se\/wp-json\/wp\/v2\/users\/6557"}],"replies":[{"embeddable":true,"href":"https:\/\/senoticias.com.br\/se\/wp-json\/wp\/v2\/comments?post=141691"}],"version-history":[{"count":0,"href":"https:\/\/senoticias.com.br\/se\/wp-json\/wp\/v2\/posts\/141691\/revisions"}],"wp:attachment":[{"href":"https:\/\/senoticias.com.br\/se\/wp-json\/wp\/v2\/media?parent=141691"}],"wp:term":[{"taxonomy":"category","embeddable":true,"href":"https:\/\/senoticias.com.br\/se\/wp-json\/wp\/v2\/categories?post=141691"},{"taxonomy":"post_tag","embeddable":true,"href":"https:\/\/senoticias.com.br\/se\/wp-json\/wp\/v2\/tags?post=141691"}],"curies":[{"name":"wp","href":"https:\/\/api.w.org\/{rel}","templated":true}]}}