{"id":141640,"date":"2024-03-20T11:20:12","date_gmt":"2024-03-20T14:20:12","guid":{"rendered":"https:\/\/senoticias.com.br\/se\/?p=141640"},"modified":"2024-03-20T11:20:26","modified_gmt":"2024-03-20T14:20:26","slug":"acao-conjunta-prende-na-regiao-metropolitana-do-recife-investigado-por-feminicidio-em-aracaju","status":"publish","type":"post","link":"https:\/\/senoticias.com.br\/se\/acao-conjunta-prende-na-regiao-metropolitana-do-recife-investigado-por-feminicidio-em-aracaju\/","title":{"rendered":"A\u00e7\u00e3o conjunta prende na Regi\u00e3o Metropolitana do Recife investigado por feminic\u00eddio em Aracaju"},"content":{"rendered":"\n<p>Ap\u00f3s investiga\u00e7\u00e3o do Departamento de Homic\u00eddios e Prote\u00e7\u00e3o \u00e0 Pessoa de Sergipe (DHPP), o investigado pelo feminic\u00eddio da companheira no bairro Olaria, em Aracaju, em abril de 2001, foi preso em Jaboat\u00e3o dos Guararapes, na Regi\u00e3o Metropolitana do Recife. A a\u00e7\u00e3o policial foi divulgada nesta quarta-feira, 20.<\/p>\n\n\n\n<figure class=\"wp-block-image size-large\"><img loading=\"lazy\" decoding=\"async\" width=\"599\" height=\"399\" src=\"https:\/\/senoticias.com.br\/se\/wp-content\/uploads\/2024\/03\/DHPP-SENOTICIAS-e1710944348870.jpeg\" alt=\"\" class=\"wp-image-141641\"\/><figcaption>\nEle estava foragido h\u00e1 mais de 20 anos e foi preso em Jaboat\u00e3o dos Guararapes<\/figcaption><\/figure>\n\n\n\n<p>De acordo com as informa\u00e7\u00f5es policiais, a v\u00edtima &#8211; de 22 anos &#8211; foi morta no dia 4 de abril de 2001, com requintes de crueldade. H\u00e1 relatos de que o feminic\u00eddio ocorreu ap\u00f3s hist\u00f3rico de viol\u00eancia dom\u00e9stica praticado pelo investigado contra a v\u00edtima.<\/p>\n\n\n\n<p>O preso estava foragido desde o crime e, segundo informa\u00e7\u00f5es levantadas pelo DHPP, estava escondido em Pernambuco. Diante disso, foi efetuado contato com a Pol\u00edcia Civil do de Pernambuco, que se dirigiu ao local e deu cumprimento ao mandado de pris\u00e3o preventiva, com apresenta\u00e7\u00e3o do preso para provid\u00eancias perante a Justi\u00e7a.<\/p>\n\n\n\n<p><strong><em><strong><em>Acompanhe tamb\u00e9m o SE Not\u00edcias no&nbsp;<a rel=\"noreferrer noopener\" href=\"https:\/\/twitter.com\/Senoticias\" target=\"_blank\">Twitter<\/a>,&nbsp;<a rel=\"noreferrer noopener\" href=\"https:\/\/www.facebook.com\/senoticias1\" target=\"_blank\">Facebook<\/a>&nbsp;e no&nbsp;<a rel=\"noreferrer noopener\" href=\"https:\/\/www.instagram.com\/senoticias\/\" target=\"_blank\">Instagram<\/a><\/em><\/strong><\/em><\/strong><\/p>\n\n\n\n<p>Fonte: SSP SE<\/p>\n","protected":false},"excerpt":{"rendered":"<p>Ap\u00f3s investiga\u00e7\u00e3o do Departamento de Homic\u00eddios e Prote\u00e7\u00e3o \u00e0 Pessoa de Sergipe (DHPP), o investigado pelo feminic\u00eddio da companheira no bairro Olaria, em Aracaju, em abril de 2001, foi preso em Jaboat\u00e3o dos Guararapes, na Regi\u00e3o Metropolitana do Recife. A a\u00e7\u00e3o policial foi divulgada nesta quarta-feira, 20. De acordo com as informa\u00e7\u00f5es policiais, a v\u00edtima [&hellip;]<\/p>\n","protected":false},"author":6557,"featured_media":0,"comment_status":"closed","ping_status":"closed","sticky":false,"template":"","format":"standard","meta":{"footnotes":""},"categories":[15,7],"tags":[4845,2621,5690],"class_list":{"0":"post-141640","1":"post","2":"type-post","3":"status-publish","4":"format-standard","6":"category-destaques","7":"category-policia","8":"tag-acao-conjunta","9":"tag-dhpp","10":"tag-feminicidio"},"_links":{"self":[{"href":"https:\/\/senoticias.com.br\/se\/wp-json\/wp\/v2\/posts\/141640"}],"collection":[{"href":"https:\/\/senoticias.com.br\/se\/wp-json\/wp\/v2\/posts"}],"about":[{"href":"https:\/\/senoticias.com.br\/se\/wp-json\/wp\/v2\/types\/post"}],"author":[{"embeddable":true,"href":"https:\/\/senoticias.com.br\/se\/wp-json\/wp\/v2\/users\/6557"}],"replies":[{"embeddable":true,"href":"https:\/\/senoticias.com.br\/se\/wp-json\/wp\/v2\/comments?post=141640"}],"version-history":[{"count":0,"href":"https:\/\/senoticias.com.br\/se\/wp-json\/wp\/v2\/posts\/141640\/revisions"}],"wp:attachment":[{"href":"https:\/\/senoticias.com.br\/se\/wp-json\/wp\/v2\/media?parent=141640"}],"wp:term":[{"taxonomy":"category","embeddable":true,"href":"https:\/\/senoticias.com.br\/se\/wp-json\/wp\/v2\/categories?post=141640"},{"taxonomy":"post_tag","embeddable":true,"href":"https:\/\/senoticias.com.br\/se\/wp-json\/wp\/v2\/tags?post=141640"}],"curies":[{"name":"wp","href":"https:\/\/api.w.org\/{rel}","templated":true}]}}