{"id":141637,"date":"2024-03-20T11:06:15","date_gmt":"2024-03-20T14:06:15","guid":{"rendered":"https:\/\/senoticias.com.br\/se\/?p=141637"},"modified":"2024-03-21T06:36:31","modified_gmt":"2024-03-21T09:36:31","slug":"morre-nazare-moraes-conhecida-pelo-ativismo-na-causa-animal","status":"publish","type":"post","link":"https:\/\/senoticias.com.br\/se\/morre-nazare-moraes-conhecida-pelo-ativismo-na-causa-animal\/","title":{"rendered":"Morre Nazar\u00e9 Moraes, conhecida pelo ativismo na causa animal"},"content":{"rendered":"\n<p>Morreu a ativista animal Nazar\u00e9 Moraes. A informa\u00e7\u00e3o foi confirmada pelo Instituto Sergipano de Direito Animal nesta quarta-feira (20).<\/p>\n\n\n\n<figure class=\"wp-block-image size-large\"><img loading=\"lazy\" decoding=\"async\" width=\"599\" height=\"399\" src=\"https:\/\/senoticias.com.br\/se\/wp-content\/uploads\/2024\/03\/nazare-moraes-senoticias-e1710943521668.jpg\" alt=\"\" class=\"wp-image-141638\"\/><figcaption>\nNazar\u00e9 foi fundadora do Instituro Elan. Foto: Marcelle Cristinne<\/figcaption><\/figure>\n\n\n\n<p>A causa da morte n\u00e3o foi confirmada. Informa\u00e7\u00f5es sobre vel\u00f3rio e sepultamento ainda n\u00e3o foram divulgadas.<\/p>\n\n\n\n<p>Segundo apurado pela produ\u00e7\u00e3o do A8SE, a ativista foi encontrada sem vida dentro de um galp\u00e3o na Barra dos Coqueiros. Em nota, a Secretaria de Seguran\u00e7a P\u00fablica informou que o corpo foi recolhido pelo Instituto M\u00e9dico Legal na madrugada desta quarta-feira (20), com sinais de estado avan\u00e7ado de decomposi\u00e7\u00e3o.<\/p>\n\n\n\n<p>Nazar\u00e9 Moraes \u00e9 bastante conhecida por lutar pelos direitos dos animais. Ela foi a fundadora da organiza\u00e7\u00e3o n\u00e3o governamental (ONG) Educa\u00e7\u00e3o e Legisla\u00e7\u00e3o (Elan), em 2012.<\/p>\n\n\n\n<p><strong>Notas de pesar<\/strong><\/p>\n\n\n\n<p>Figuras p\u00fablicas publicaram notas nas redes sociais lamentando a morte de Nazar\u00e9. A deputada federal Yandra Moura disse que a ativista foi &#8220;uma voz incans\u00e1vel na luta pelos direitos dos animais em Aracaju&#8221;. A vereadora Sheyla Galba lamentou a grande perda e disse que Nazar\u00e9 &#8220;sempre foi refer\u00eancia de amor e cuidado com os animais&#8221;. J\u00e1 o vereador Breno Garibaldi afirmou estar &#8220;profundamente triste&#8221; com a perda da amiga, a qual chamou de &#8220;pessoa de irrever\u00eancia enorme e cora\u00e7\u00e3o maior ainda&#8221;.<\/p>\n\n\n\n<p><strong><em><strong><em>Acompanhe tamb\u00e9m o SE Not\u00edcias no&nbsp;<a rel=\"noreferrer noopener\" href=\"https:\/\/twitter.com\/Senoticias\" target=\"_blank\">Twitter<\/a>,&nbsp;<a rel=\"noreferrer noopener\" href=\"https:\/\/www.facebook.com\/senoticias1\" target=\"_blank\">Facebook<\/a>&nbsp;e no&nbsp;<a rel=\"noreferrer noopener\" href=\"https:\/\/www.instagram.com\/senoticias\/\" target=\"_blank\">Instagram<\/a><\/em><\/strong><\/em><\/strong><\/p>\n\n\n\n<p>Fonte: A8 SE<\/p>\n","protected":false},"excerpt":{"rendered":"<p>Morreu a ativista animal Nazar\u00e9 Moraes. A informa\u00e7\u00e3o foi confirmada pelo Instituto Sergipano de Direito Animal nesta quarta-feira (20). A causa da morte n\u00e3o foi confirmada. Informa\u00e7\u00f5es sobre vel\u00f3rio e sepultamento ainda n\u00e3o foram divulgadas. Segundo apurado pela produ\u00e7\u00e3o do A8SE, a ativista foi encontrada sem vida dentro de um galp\u00e3o na Barra dos Coqueiros. [&hellip;]<\/p>\n","protected":false},"author":6557,"featured_media":0,"comment_status":"closed","ping_status":"closed","sticky":false,"template":"","format":"standard","meta":{"footnotes":""},"categories":[15,8],"tags":[41327,41326],"class_list":{"0":"post-141637","1":"post","2":"type-post","3":"status-publish","4":"format-standard","6":"category-destaques","7":"category-esporte-e-cultura","8":"tag-ativismo","9":"tag-nazare-moraes"},"_links":{"self":[{"href":"https:\/\/senoticias.com.br\/se\/wp-json\/wp\/v2\/posts\/141637"}],"collection":[{"href":"https:\/\/senoticias.com.br\/se\/wp-json\/wp\/v2\/posts"}],"about":[{"href":"https:\/\/senoticias.com.br\/se\/wp-json\/wp\/v2\/types\/post"}],"author":[{"embeddable":true,"href":"https:\/\/senoticias.com.br\/se\/wp-json\/wp\/v2\/users\/6557"}],"replies":[{"embeddable":true,"href":"https:\/\/senoticias.com.br\/se\/wp-json\/wp\/v2\/comments?post=141637"}],"version-history":[{"count":0,"href":"https:\/\/senoticias.com.br\/se\/wp-json\/wp\/v2\/posts\/141637\/revisions"}],"wp:attachment":[{"href":"https:\/\/senoticias.com.br\/se\/wp-json\/wp\/v2\/media?parent=141637"}],"wp:term":[{"taxonomy":"category","embeddable":true,"href":"https:\/\/senoticias.com.br\/se\/wp-json\/wp\/v2\/categories?post=141637"},{"taxonomy":"post_tag","embeddable":true,"href":"https:\/\/senoticias.com.br\/se\/wp-json\/wp\/v2\/tags?post=141637"}],"curies":[{"name":"wp","href":"https:\/\/api.w.org\/{rel}","templated":true}]}}