{"id":141624,"date":"2024-03-19T11:56:38","date_gmt":"2024-03-19T14:56:38","guid":{"rendered":"https:\/\/senoticias.com.br\/se\/?p=141624"},"modified":"2024-03-19T12:03:44","modified_gmt":"2024-03-19T15:03:44","slug":"victor-mandarino-se-filia-ao-pp-e-reafirma-pre-candidatura-a-prefeitura-de-itaporanga","status":"publish","type":"post","link":"https:\/\/senoticias.com.br\/se\/victor-mandarino-se-filia-ao-pp-e-reafirma-pre-candidatura-a-prefeitura-de-itaporanga\/","title":{"rendered":"Victor Mandarino se filia ao PP e reafirma pr\u00e9-candidatura \u00e0 Prefeitura de Itaporanga"},"content":{"rendered":"\n<p>O engenheiro civil Victor Mandarino se filiou ao Partido Progressistas (PP). Com vasta experi\u00eancia no servi\u00e7o p\u00fablico, Victor \u00e9 pr\u00e9-candidato a prefeito de Itaporanga D\u2019Ajuda, prometendo trazer sua vis\u00e3o e experi\u00eancia para impulsionar o progresso e o desenvolvimento local.<\/p>\n\n\n\n<figure class=\"wp-block-image size-large\"><img loading=\"lazy\" decoding=\"async\" width=\"588\" height=\"441\" src=\"https:\/\/senoticias.com.br\/se\/wp-content\/uploads\/2024\/03\/Vitor-Mandarino-se-noticias.jpg\" alt=\"\" class=\"wp-image-141625\" srcset=\"https:\/\/senoticias.com.br\/se\/wp-content\/uploads\/2024\/03\/Vitor-Mandarino-se-noticias.jpg 588w, https:\/\/senoticias.com.br\/se\/wp-content\/uploads\/2024\/03\/Vitor-Mandarino-se-noticias-300x225.jpg 300w, https:\/\/senoticias.com.br\/se\/wp-content\/uploads\/2024\/03\/Vitor-Mandarino-se-noticias-45x35.jpg 45w\" sizes=\"(max-width: 588px) 100vw, 588px\" \/><figcaption>Victor \u00e9 irm\u00e3o do ex-prefeito C\u00e9sar Mandarino e do atual vereador Guilherme Mandarino &#8211; Foto &#8211; redes sociais<\/figcaption><\/figure>\n\n\n\n<p>Em uma publica\u00e7\u00e3o no Instagram, Victor compartilhou os motivos que o levaram a escolher o PP como seu partido de filia\u00e7\u00e3o. Ele enfatizou a identifica\u00e7\u00e3o com as ideologias da legenda, destacando o compromisso com a transforma\u00e7\u00e3o da sociedade e da economia em busca do bem-estar da popula\u00e7\u00e3o.<\/p>\n\n\n\n<p>&#8220;Na manh\u00e3 de hoje me filiei oficialmente ao Partido Progressistas no qual pretendo seguir para as disputas municipais. Partido que muito me identifico com suas ideologias por uma pol\u00edtica de transforma\u00e7\u00e3o da sociedade e da economia, buscando sempre o progresso e o desenvolvimento da popula\u00e7\u00e3o&#8221;, afirmou Victor em sua postagem.<\/p>\n\n\n\n<p>Com mais de 40 anos de experi\u00eancia no servi\u00e7o p\u00fablico, Victor Mandarino j\u00e1 ocupou cargos de destaque, incluindo a presid\u00eancia da Deso e a secretaria de administra\u00e7\u00e3o e finan\u00e7as de Itaporanga D\u2019Ajuda durante a gest\u00e3o de seu irm\u00e3o, C\u00e9sar Mandarino, gest\u00e3o que se destacou ao posicionar o munic\u00edpio como um dos mais promissores de Sergipe.<\/p>\n\n\n\n<p><strong><em><strong><em>Acompanhe tamb\u00e9m o SE Not\u00edcias no\u00a0<a rel=\"noreferrer noopener\" href=\"https:\/\/twitter.com\/Senoticias\" target=\"_blank\">Twitter<\/a>,\u00a0<a rel=\"noreferrer noopener\" href=\"https:\/\/www.facebook.com\/senoticias1\" target=\"_blank\">Facebook<\/a>\u00a0e no\u00a0<a rel=\"noreferrer noopener\" href=\"https:\/\/www.instagram.com\/senoticias\/\" target=\"_blank\">Instagram<\/a><\/em><\/strong><\/em><\/strong><\/p>\n\n\n\n<p>Fonte: Assessoria PP<\/p>\n","protected":false},"excerpt":{"rendered":"<p>O engenheiro civil Victor Mandarino se filiou ao Partido Progressistas (PP). Com vasta experi\u00eancia no servi\u00e7o p\u00fablico, Victor \u00e9 pr\u00e9-candidato a prefeito de Itaporanga D\u2019Ajuda, prometendo trazer sua vis\u00e3o e experi\u00eancia para impulsionar o progresso e o desenvolvimento local. Em uma publica\u00e7\u00e3o no Instagram, Victor compartilhou os motivos que o levaram a escolher o PP [&hellip;]<\/p>\n","protected":false},"author":6557,"featured_media":0,"comment_status":"closed","ping_status":"closed","sticky":false,"template":"","format":"standard","meta":{"footnotes":""},"categories":[15,38,1],"tags":[1654,4033,206],"class_list":{"0":"post-141624","1":"post","2":"type-post","3":"status-publish","4":"format-standard","6":"category-destaques","7":"category-municipios","8":"category-sem-categoria","9":"tag-cesar-mandarino","10":"tag-prefeitura-de-itaporanga","11":"tag-victor-mandarino"},"_links":{"self":[{"href":"https:\/\/senoticias.com.br\/se\/wp-json\/wp\/v2\/posts\/141624"}],"collection":[{"href":"https:\/\/senoticias.com.br\/se\/wp-json\/wp\/v2\/posts"}],"about":[{"href":"https:\/\/senoticias.com.br\/se\/wp-json\/wp\/v2\/types\/post"}],"author":[{"embeddable":true,"href":"https:\/\/senoticias.com.br\/se\/wp-json\/wp\/v2\/users\/6557"}],"replies":[{"embeddable":true,"href":"https:\/\/senoticias.com.br\/se\/wp-json\/wp\/v2\/comments?post=141624"}],"version-history":[{"count":0,"href":"https:\/\/senoticias.com.br\/se\/wp-json\/wp\/v2\/posts\/141624\/revisions"}],"wp:attachment":[{"href":"https:\/\/senoticias.com.br\/se\/wp-json\/wp\/v2\/media?parent=141624"}],"wp:term":[{"taxonomy":"category","embeddable":true,"href":"https:\/\/senoticias.com.br\/se\/wp-json\/wp\/v2\/categories?post=141624"},{"taxonomy":"post_tag","embeddable":true,"href":"https:\/\/senoticias.com.br\/se\/wp-json\/wp\/v2\/tags?post=141624"}],"curies":[{"name":"wp","href":"https:\/\/api.w.org\/{rel}","templated":true}]}}