{"id":141622,"date":"2024-03-19T10:00:14","date_gmt":"2024-03-19T13:00:14","guid":{"rendered":"https:\/\/senoticias.com.br\/se\/?p=141622"},"modified":"2024-03-19T10:29:35","modified_gmt":"2024-03-19T13:29:35","slug":"policia-federal-indicia-bolsonaro-por-falsificacao-no-cartao-de-vacina-de-covid","status":"publish","type":"post","link":"https:\/\/senoticias.com.br\/se\/policia-federal-indicia-bolsonaro-por-falsificacao-no-cartao-de-vacina-de-covid\/","title":{"rendered":"Pol\u00edcia Federal  indicia Bolsonaro por falsifica\u00e7\u00e3o no cart\u00e3o de vacina de covid"},"content":{"rendered":"\n<p><\/p>\n\n\n\n<p>A Pol\u00edcia Federal indiciou o ex-presidente Jair Bolsonaro (PL) no caso que investiga a falsifica\u00e7\u00e3o do cart\u00e3o de vacina. Al\u00e9m de Bolsonaro, o ex-ajudante de ordens e tenente-coronel Mauro Cid e o deputado federal Gutemberg Reis (MDB-RJ) foram indiciados. Essa \u00e9 a primeira das investiga\u00e7\u00f5es da PF contra Bolsonaro que avan\u00e7a para a fase de indiciamento.<\/p>\n\n\n\n<figure class=\"wp-block-image size-large\"><img loading=\"lazy\" decoding=\"async\" width=\"581\" height=\"400\" src=\"https:\/\/senoticias.com.br\/se\/wp-content\/uploads\/2024\/03\/Bolsonaro-se-noticias-1.jpg\" alt=\"\" class=\"wp-image-141623\" srcset=\"https:\/\/senoticias.com.br\/se\/wp-content\/uploads\/2024\/03\/Bolsonaro-se-noticias-1.jpg 581w, https:\/\/senoticias.com.br\/se\/wp-content\/uploads\/2024\/03\/Bolsonaro-se-noticias-1-300x207.jpg 300w, https:\/\/senoticias.com.br\/se\/wp-content\/uploads\/2024\/03\/Bolsonaro-se-noticias-1-95x64.jpg 95w\" sizes=\"(max-width: 581px) 100vw, 581px\" \/><figcaption>Ex-presidente Jair Bolsonaro (PL) \u00e9 indiciado pela PF &#8211; Foto: arquivo\/Veja<\/figcaption><\/figure>\n\n\n\n<p>O indiciamento aponta os crimes de associa\u00e7\u00e3o criminosa e inser\u00e7\u00e3o de dados falsos em sistema p\u00fablico.O indiciamento \u00e9 quando o \u00f3rg\u00e3o policial conclui que ha elementos suficientes de autoria de crimes e encaminha o caso ao Minist\u00e9rio P\u00fablico, que decidir\u00e1 se apresenta a den\u00fancia \u00e0 Justi\u00e7a ou arquivar\u00e1 o caso.<\/p>\n\n\n\n<p>A informa\u00e7\u00e3o foi revelada pela jornalista Daniela Lima do G1, e confirmada \u00e0 coluna por fontes ligadas \u00e0 investiga\u00e7\u00e3o.<\/p>\n\n\n\n<p>A coluna procurou a assessoria de Jair Bolsonaro, mas ainda n\u00e3o teve retorno. Pelo Twitter, o ex-secret\u00e1rio de comunica\u00e7\u00e3o e advogado de Bolsonaro, F\u00e1bio Wajngarten, considerou &#8220;lament\u00e1vel&#8221; o vazamento de informa\u00e7\u00f5es \u00e0 imprensa.<\/p>\n\n\n\n<p>A coluna busca contato com os outros dois citados, o espa\u00e7o est\u00e1 aberto \u00e0 manifesta\u00e7\u00e3o.<\/p>\n\n\n\n<p>Durante as investiga\u00e7\u00f5es da PF, Bolsonaro foi alvo de busca e apreens\u00e3o e teve celular e equipamentos apreendidos, al\u00e9m de ex-assessores terem sido presos presos, entre eles Mauro Cid.<\/p>\n\n\n\n<p><strong><em><strong><em>Acompanhe tamb\u00e9m o SE Not\u00edcias no\u00a0<a rel=\"noreferrer noopener\" href=\"https:\/\/twitter.com\/Senoticias\" target=\"_blank\">Twitter<\/a>,\u00a0<a rel=\"noreferrer noopener\" href=\"https:\/\/www.facebook.com\/senoticias1\" target=\"_blank\">Facebook<\/a>\u00a0e no\u00a0<a rel=\"noreferrer noopener\" href=\"https:\/\/www.instagram.com\/senoticias\/\" target=\"_blank\">Instagram<\/a><\/em><\/strong><\/em><\/strong><\/p>\n\n\n\n<p><em>Fonte: Portal Terra<\/em><\/p>\n","protected":false},"excerpt":{"rendered":"<p>A Pol\u00edcia Federal indiciou o ex-presidente Jair Bolsonaro (PL) no caso que investiga a falsifica\u00e7\u00e3o do cart\u00e3o de vacina. Al\u00e9m de Bolsonaro, o ex-ajudante de ordens e tenente-coronel Mauro Cid e o deputado federal Gutemberg Reis (MDB-RJ) foram indiciados. Essa \u00e9 a primeira das investiga\u00e7\u00f5es da PF contra Bolsonaro que avan\u00e7a para a fase de [&hellip;]<\/p>\n","protected":false},"author":6557,"featured_media":0,"comment_status":"closed","ping_status":"closed","sticky":false,"template":"","format":"standard","meta":{"footnotes":""},"categories":[15,2961],"tags":[3272,41322,1947],"class_list":{"0":"post-141622","1":"post","2":"type-post","3":"status-publish","4":"format-standard","6":"category-destaques","7":"category-nacional","8":"tag-bolsonaro","9":"tag-falsificacao-no-cartao-de-vacina","10":"tag-policia-federal"},"_links":{"self":[{"href":"https:\/\/senoticias.com.br\/se\/wp-json\/wp\/v2\/posts\/141622"}],"collection":[{"href":"https:\/\/senoticias.com.br\/se\/wp-json\/wp\/v2\/posts"}],"about":[{"href":"https:\/\/senoticias.com.br\/se\/wp-json\/wp\/v2\/types\/post"}],"author":[{"embeddable":true,"href":"https:\/\/senoticias.com.br\/se\/wp-json\/wp\/v2\/users\/6557"}],"replies":[{"embeddable":true,"href":"https:\/\/senoticias.com.br\/se\/wp-json\/wp\/v2\/comments?post=141622"}],"version-history":[{"count":0,"href":"https:\/\/senoticias.com.br\/se\/wp-json\/wp\/v2\/posts\/141622\/revisions"}],"wp:attachment":[{"href":"https:\/\/senoticias.com.br\/se\/wp-json\/wp\/v2\/media?parent=141622"}],"wp:term":[{"taxonomy":"category","embeddable":true,"href":"https:\/\/senoticias.com.br\/se\/wp-json\/wp\/v2\/categories?post=141622"},{"taxonomy":"post_tag","embeddable":true,"href":"https:\/\/senoticias.com.br\/se\/wp-json\/wp\/v2\/tags?post=141622"}],"curies":[{"name":"wp","href":"https:\/\/api.w.org\/{rel}","templated":true}]}}