{"id":141602,"date":"2024-03-18T09:09:38","date_gmt":"2024-03-18T12:09:38","guid":{"rendered":"https:\/\/senoticias.com.br\/se\/?p=141602"},"modified":"2024-03-18T09:09:44","modified_gmt":"2024-03-18T12:09:44","slug":"menino-de-dois-anos-morre-apos-ser-atropelado-na-barra-dos-coqueiros-motorista-estava-com-cnh-suspensa","status":"publish","type":"post","link":"https:\/\/senoticias.com.br\/se\/menino-de-dois-anos-morre-apos-ser-atropelado-na-barra-dos-coqueiros-motorista-estava-com-cnh-suspensa\/","title":{"rendered":"Menino de dois anos morre ap\u00f3s ser atropelado na Barra dos Coqueiros; motorista estava com CNH suspensa"},"content":{"rendered":"\n<p>Um menino de dois anos morreu ap\u00f3s ser atropelado por um carro na Praia da Costa, no munic\u00edpio da Barra das Coqueiros, no fim da tarde desse domingo (17). Segundo o Batalh\u00e3o de Policiamento de Tr\u00e2nsito (BPTran), o motorista fugiu do local.<\/p>\n\n\n\n<p>A irm\u00e3 do suspeito esteve no local para apresentar os documentos dele e foi verificado que a Carteira Nacional de Habilita\u00e7\u00e3o (CNH) estava suspensa. Como ele n\u00e3o estava no local, a pol\u00edcia n\u00e3o conseguiu realizar o teste do etil\u00f4metro, para saber se ele estava embriagado.<\/p>\n\n\n\n<figure class=\"wp-block-image size-large\"><img loading=\"lazy\" decoding=\"async\" width=\"548\" height=\"283\" src=\"https:\/\/senoticias.com.br\/se\/wp-content\/uploads\/2024\/03\/Atropelamento-se-noticias.jpg\" alt=\"\" class=\"wp-image-141603\" srcset=\"https:\/\/senoticias.com.br\/se\/wp-content\/uploads\/2024\/03\/Atropelamento-se-noticias.jpg 548w, https:\/\/senoticias.com.br\/se\/wp-content\/uploads\/2024\/03\/Atropelamento-se-noticias-300x155.jpg 300w\" sizes=\"(max-width: 548px) 100vw, 548px\" \/><figcaption>Segundo a Pol\u00edcia Militar, o ve\u00edculo estava regular, mas o condutor estava com a CNH suspensa &#8211; Foto: BPTran<\/figcaption><\/figure>\n\n\n\n<p>O Servi\u00e7o de Atendimento M\u00f3vel de Urg\u00eancia socorreu a crian\u00e7a e a levou para o Hospital de Urg\u00eancias de Sergipe (Huse. Segundo a unidade, ela chegou em estado grave com les\u00f5es na regi\u00e3o abdominal e do t\u00f3rax e morreu ap\u00f3s sofrer uma parada cardiorrespirat\u00f3ria.<\/p>\n\n\n\n<p>O corpo foi levado para o Instituto M\u00e9dico Legal e liberado para sepultamento ainda durante o domingo.<\/p>\n\n\n\n<p><strong><em><strong><em>Acompanhe tamb\u00e9m o SE Not\u00edcias no\u00a0<a rel=\"noreferrer noopener\" href=\"https:\/\/twitter.com\/Senoticias\" target=\"_blank\">Twitter<\/a>,\u00a0<a rel=\"noreferrer noopener\" href=\"https:\/\/www.facebook.com\/senoticias1\" target=\"_blank\">Facebook<\/a>\u00a0e no\u00a0<a rel=\"noreferrer noopener\" href=\"https:\/\/www.instagram.com\/senoticias\/\" target=\"_blank\">Instagram<\/a><\/em><\/strong><\/em><\/strong><\/p>\n\n\n\n<p>Fonte: G1\/SE<\/p>\n","protected":false},"excerpt":{"rendered":"<p>Um menino de dois anos morreu ap\u00f3s ser atropelado por um carro na Praia da Costa, no munic\u00edpio da Barra das Coqueiros, no fim da tarde desse domingo (17). Segundo o Batalh\u00e3o de Policiamento de Tr\u00e2nsito (BPTran), o motorista fugiu do local. A irm\u00e3 do suspeito esteve no local para apresentar os documentos dele e [&hellip;]<\/p>\n","protected":false},"author":6557,"featured_media":0,"comment_status":"closed","ping_status":"closed","sticky":false,"template":"","format":"standard","meta":{"footnotes":""},"categories":[15,7],"tags":[41319,38890,5761],"class_list":{"0":"post-141602","1":"post","2":"type-post","3":"status-publish","4":"format-standard","6":"category-destaques","7":"category-policia","8":"tag-atropelada","9":"tag-crianca-de-2-anos","10":"tag-praia-da-costa"},"_links":{"self":[{"href":"https:\/\/senoticias.com.br\/se\/wp-json\/wp\/v2\/posts\/141602"}],"collection":[{"href":"https:\/\/senoticias.com.br\/se\/wp-json\/wp\/v2\/posts"}],"about":[{"href":"https:\/\/senoticias.com.br\/se\/wp-json\/wp\/v2\/types\/post"}],"author":[{"embeddable":true,"href":"https:\/\/senoticias.com.br\/se\/wp-json\/wp\/v2\/users\/6557"}],"replies":[{"embeddable":true,"href":"https:\/\/senoticias.com.br\/se\/wp-json\/wp\/v2\/comments?post=141602"}],"version-history":[{"count":0,"href":"https:\/\/senoticias.com.br\/se\/wp-json\/wp\/v2\/posts\/141602\/revisions"}],"wp:attachment":[{"href":"https:\/\/senoticias.com.br\/se\/wp-json\/wp\/v2\/media?parent=141602"}],"wp:term":[{"taxonomy":"category","embeddable":true,"href":"https:\/\/senoticias.com.br\/se\/wp-json\/wp\/v2\/categories?post=141602"},{"taxonomy":"post_tag","embeddable":true,"href":"https:\/\/senoticias.com.br\/se\/wp-json\/wp\/v2\/tags?post=141602"}],"curies":[{"name":"wp","href":"https:\/\/api.w.org\/{rel}","templated":true}]}}