{"id":141599,"date":"2024-03-17T11:37:59","date_gmt":"2024-03-17T14:37:59","guid":{"rendered":"https:\/\/senoticias.com.br\/se\/?p=141599"},"modified":"2024-03-17T11:38:06","modified_gmt":"2024-03-17T14:38:06","slug":"aracaju-169-anos-shows-evangelicos-emocionam-milhares-de-pessoas-na-praca-dos-mercados","status":"publish","type":"post","link":"https:\/\/senoticias.com.br\/se\/aracaju-169-anos-shows-evangelicos-emocionam-milhares-de-pessoas-na-praca-dos-mercados\/","title":{"rendered":"Aracaju 169 anos: shows evang\u00e9licos emocionam milhares de pessoas na pra\u00e7a dos mercados"},"content":{"rendered":"\n<p><\/p>\n\n\n\n<p>A primeira noite de shows em comemora\u00e7\u00e3o aos 169 anos de Aracaju, realizados na pra\u00e7a de eventos Hilton Lopes, nos mercados centrais, neste s\u00e1bado, 16, foi marcada pela emo\u00e7\u00e3o dos aracajuanos e turistas que prestigiaram as apresenta\u00e7\u00f5es musicais. Cantores locais e nacionais do meio gospel levaram ao p\u00fablico mensagens de f\u00e9 e devo\u00e7\u00e3o por meio da m\u00fasica.<\/p>\n\n\n\n<figure class=\"wp-block-image size-large\"><img loading=\"lazy\" decoding=\"async\" width=\"540\" height=\"360\" src=\"https:\/\/senoticias.com.br\/se\/wp-content\/uploads\/2024\/03\/Isadora-pompeo-se-noticias.jpg\" alt=\"\" class=\"wp-image-141600\" srcset=\"https:\/\/senoticias.com.br\/se\/wp-content\/uploads\/2024\/03\/Isadora-pompeo-se-noticias.jpg 540w, https:\/\/senoticias.com.br\/se\/wp-content\/uploads\/2024\/03\/Isadora-pompeo-se-noticias-300x200.jpg 300w, https:\/\/senoticias.com.br\/se\/wp-content\/uploads\/2024\/03\/Isadora-pompeo-se-noticias-90x60.jpg 90w, https:\/\/senoticias.com.br\/se\/wp-content\/uploads\/2024\/03\/Isadora-pompeo-se-noticias-180x120.jpg 180w, https:\/\/senoticias.com.br\/se\/wp-content\/uploads\/2024\/03\/Isadora-pompeo-se-noticias-95x64.jpg 95w\" sizes=\"(max-width: 540px) 100vw, 540px\" \/><figcaption>Cantora Isadora Pompeo deixou o p\u00fablico presente bastante emocionado &#8211; Foto: Michel de Oliveira<\/figcaption><\/figure>\n\n\n\n<p>O ato evang\u00e9lico, promovido pela Prefeitura de Aracaju, contou com seis atra\u00e7\u00f5es que proporcionaram aos fi\u00e9is momentos de louvor e adora\u00e7\u00e3o. Os shows fazem parte da Semana de Louvor e A\u00e7\u00e3o de Gra\u00e7as pelo anivers\u00e1rio da cidade, prevista pela Lei Municipal n\u00ba 2.919\/2001.<\/p>\n\n\n\n<p>A primeira atra\u00e7\u00e3o a subir ao palco foi a Banda Renovart, composta por artistas sergipanos e que faz parte da Igreja de Deus Renovada, em Aracaju. Os cantores Bergg Santos e Izabella Souza animaram o p\u00fablico com diversos ritmos musicais e muito louvor. \u201cEu fiz anivers\u00e1rio na quarta-feira, ent\u00e3o cantar aqui para mim foi um presente maravilhoso. Estive aqui no ano passado curtindo o evento, e para a honra e gl\u00f3ria do Senhor, desta vez estamos aqui nos apresentando\u201d, disse Bergg Santos.<\/p>\n\n\n\n<p>Para a cantora Izabella, foi bastante positivo a programa\u00e7\u00e3o ter separado uma noite para os shows evang\u00e9licos. \u201cN\u00f3s representamos uma grande parcela da popula\u00e7\u00e3o, ent\u00e3o acho de grande valia que a gente tenha essas datas especiais para que as pessoas possam se reunir e curtir a mensagem do Senhor. Atrav\u00e9s da m\u00fasica podemos levar uma mensagem de amor e de paz\u201d, declarou.<\/p>\n\n\n\n<p>Logo em seguida foi a vez da apresenta\u00e7\u00e3o contagiante de Laressa Abreu, classificada como cantora da MPB gospel. Tendo a f\u00e9 como seu forte, a cantora une em suas composi\u00e7\u00f5es os ritmos da m\u00fasica popular brasileira com letras que falam de Deus. \u201c\u00c9 muito especial estar aqui, porque s\u00e3o 169 anos da nossa querida cidade Aracaju. Temos muitos artistas especiais na nossa terra. Eventos como esse, para n\u00f3s, s\u00e3o de grande valia, pois temos o contato com o p\u00fablico e podemos mostrar o nosso trabalho, mas acima de tudo, s\u00e3o momentos para glorificar Deus. N\u00f3s cantamos para Ele, recebemos essa oportunidade, o nosso talento \u00e9 Dele, ent\u00e3o devolver isso \u00e9 a nossa maior alegria\u201d, afirmou.<\/p>\n\n\n\n<p>Outra atra\u00e7\u00e3o que agitou o p\u00fablico foi Thais Helena, jovem cantora gospel que canta m\u00fasicas que expressam f\u00e9 e amor por Deus. Com apenas 13 anos de idade, a artista aracajuana emocionou os espectadores com suas can\u00e7\u00f5es de f\u00e9 e devo\u00e7\u00e3o. \u201cMeu cora\u00e7\u00e3o est\u00e1 muito feliz e muito grato a Deus por esse evento t\u00e3o lindo e t\u00e3o especial, que \u00e9 o anivers\u00e1rio de Aracaju. Desejo que o Senhor continue aben\u00e7oando cada um que veio prestigiar\u201d, disse.<\/p>\n\n\n\n<p>Uma das atra\u00e7\u00f5es mais esperadas pelo p\u00fablico foi a cantora Damares, renomada artista crist\u00e3 ligada ao movimento pentecostal. O ponto alto da apresenta\u00e7\u00e3o foi quando ela cantou o seu hit \u201cSabor de Mel\u201d, que tanto emocionou os fi\u00e9is. \u201cEstou muito feliz em estar aqui no anivers\u00e1rio de 169 anos de Aracaju. \u00c9 uma terra que amo muito, com um povo muito especial. Eu j\u00e1 vim muitas vezes aqui em Aracaju, onde sempre fui muito bem recebida com muito carinho. \u00c9 um lugar que me marcou muito. \u00c9 um p\u00fablico que realmente eu amo, e poder estar aqui nessa comemora\u00e7\u00e3o \u00e9 uma satisfa\u00e7\u00e3o muito grande\u201d, afirmou.<\/p>\n\n\n\n<p>A pen\u00faltima atra\u00e7\u00e3o foi a Banda Manancial, que aposta no ax\u00e9 gospel para levar a mensagem crist\u00e3 de uma forma mais descontra\u00edda. O vocalista Messi elogiou a estrutura do evento e disse estar feliz por fazer parte de uma festa t\u00e3o memor\u00e1vel. \u201cS\u00e3o 169 anos de Aracaju, essa cidade linda que recebe tantos turistas. N\u00f3s ficamos felizes em estar participando desse momento de comunh\u00e3o, de confraterniza\u00e7\u00e3o, de alegria e de comemorar tamb\u00e9m mais um ano nessa linda cidade. A gente traz no nosso repert\u00f3rio grava\u00e7\u00f5es de m\u00fasicas que fazem sucesso, can\u00e7\u00f5es nossas, autorais, e a gente traz um repert\u00f3rio totalmente modificado, alegre. Acreditamos que as pessoas v\u00e3o estar juntamente conosco, adorando a nosso Deus\u201d, disse.<\/p>\n\n\n\n<p>A \u00faltima a subir ao palco foi a cantora Isadora Pompeo, outra artista das mais aguardadas pelo p\u00fablico. Ela fechou a noite da programa\u00e7\u00e3o evang\u00e9lica com chave de ouro, entoando hinos de louvor que tocaram no cora\u00e7\u00e3o do p\u00fablico. \u201cEstou feliz, pois Deus tem me proporcionado viver momentos como esse, e estar em um lugar t\u00e3o especial como esse para mim \u00e9 uma honra. O show sempre \u00e9 especial, sempre \u00e9 diferente. Deus tem nos surpreendido por onde a gente vai, e aqui n\u00e3o foi diferente\u201d, declarou.<\/p>\n\n\n\n<p><strong><em><strong><em>Acompanhe tamb\u00e9m o SE Not\u00edcias no\u00a0<a rel=\"noreferrer noopener\" href=\"https:\/\/twitter.com\/Senoticias\" target=\"_blank\">Twitter<\/a>,\u00a0<a rel=\"noreferrer noopener\" href=\"https:\/\/www.facebook.com\/senoticias1\" target=\"_blank\">Facebook<\/a>\u00a0e no\u00a0<a rel=\"noreferrer noopener\" href=\"https:\/\/www.instagram.com\/senoticias\/\" target=\"_blank\">Instagram<\/a><\/em><\/strong><\/em><\/strong><\/p>\n\n\n\n<p>Fonte: Ag\u00eancia Aracaju de Not\u00edcias<\/p>\n","protected":false},"excerpt":{"rendered":"<p>A primeira noite de shows em comemora\u00e7\u00e3o aos 169 anos de Aracaju, realizados na pra\u00e7a de eventos Hilton Lopes, nos mercados centrais, neste s\u00e1bado, 16, foi marcada pela emo\u00e7\u00e3o dos aracajuanos e turistas que prestigiaram as apresenta\u00e7\u00f5es musicais. Cantores locais e nacionais do meio gospel levaram ao p\u00fablico mensagens de f\u00e9 e devo\u00e7\u00e3o por meio [&hellip;]<\/p>\n","protected":false},"author":6557,"featured_media":0,"comment_status":"closed","ping_status":"closed","sticky":false,"template":"","format":"standard","meta":{"footnotes":""},"categories":[15,6],"tags":[9084,41317,41318],"class_list":{"0":"post-141599","1":"post","2":"type-post","3":"status-publish","4":"format-standard","6":"category-destaques","7":"category-politica","8":"tag-aniversario-de-aracaju","9":"tag-cantora-isadora-pompeo","10":"tag-shows-gospels"},"_links":{"self":[{"href":"https:\/\/senoticias.com.br\/se\/wp-json\/wp\/v2\/posts\/141599"}],"collection":[{"href":"https:\/\/senoticias.com.br\/se\/wp-json\/wp\/v2\/posts"}],"about":[{"href":"https:\/\/senoticias.com.br\/se\/wp-json\/wp\/v2\/types\/post"}],"author":[{"embeddable":true,"href":"https:\/\/senoticias.com.br\/se\/wp-json\/wp\/v2\/users\/6557"}],"replies":[{"embeddable":true,"href":"https:\/\/senoticias.com.br\/se\/wp-json\/wp\/v2\/comments?post=141599"}],"version-history":[{"count":0,"href":"https:\/\/senoticias.com.br\/se\/wp-json\/wp\/v2\/posts\/141599\/revisions"}],"wp:attachment":[{"href":"https:\/\/senoticias.com.br\/se\/wp-json\/wp\/v2\/media?parent=141599"}],"wp:term":[{"taxonomy":"category","embeddable":true,"href":"https:\/\/senoticias.com.br\/se\/wp-json\/wp\/v2\/categories?post=141599"},{"taxonomy":"post_tag","embeddable":true,"href":"https:\/\/senoticias.com.br\/se\/wp-json\/wp\/v2\/tags?post=141599"}],"curies":[{"name":"wp","href":"https:\/\/api.w.org\/{rel}","templated":true}]}}