{"id":141597,"date":"2024-03-17T10:02:51","date_gmt":"2024-03-17T13:02:51","guid":{"rendered":"https:\/\/senoticias.com.br\/se\/?p=141597"},"modified":"2024-03-17T10:07:10","modified_gmt":"2024-03-17T13:07:10","slug":"motociclista-morre-apos-rampar-quebra-molas-e-bater-em-caminhao-estacionado","status":"publish","type":"post","link":"https:\/\/senoticias.com.br\/se\/motociclista-morre-apos-rampar-quebra-molas-e-bater-em-caminhao-estacionado\/","title":{"rendered":"Motociclista morre ap\u00f3s \u2018rampar\u2019 quebra-molas e bater no fundo de um caminh\u00e3o estacionado"},"content":{"rendered":"\n<p><\/p>\n\n\n\n<p>Um motociclista de 46 anos morreu ao bater no fundo de um caminh\u00e3o que estava parado na Avenida Visconde de Maracaju, no Bairro Cidade Nova, em Aracaju, no fim da tarde deste s\u00e1bado (16). O acidente foi registrado pelo Batalh\u00e3o de Policiamento de Tr\u00e2nsito.<\/p>\n\n\n\n<p>Conforme informa\u00e7\u00f5es apuradas pela equipe da TV Sergipe, o motociclista Anselmo Avelino dos Santos, 46 anos, seguia em uma moto pela via, quando ao passar por um quebra-molas o condutor perdeu o controle da dire\u00e7\u00e3o e bateu na traseira de um caminh\u00e3o-ba\u00fa que estava estacionado.<\/p>\n\n\n\n<figure class=\"wp-block-image size-large\"><img loading=\"lazy\" decoding=\"async\" width=\"596\" height=\"265\" src=\"https:\/\/senoticias.com.br\/se\/wp-content\/uploads\/2024\/03\/Acidente-com-motociclista-se-noticias.jpg\" alt=\"\" class=\"wp-image-141598\" srcset=\"https:\/\/senoticias.com.br\/se\/wp-content\/uploads\/2024\/03\/Acidente-com-motociclista-se-noticias.jpg 596w, https:\/\/senoticias.com.br\/se\/wp-content\/uploads\/2024\/03\/Acidente-com-motociclista-se-noticias-300x133.jpg 300w\" sizes=\"(max-width: 596px) 100vw, 596px\" \/><figcaption>Os socorristas do Samu chegaram a tentar reanimar a v\u00edtima \u2014 Foto: reprodu\u00e7\u00e3o\/TV Sergipe<\/figcaption><\/figure>\n\n\n\n<p>Imagens de c\u00e2meras de seguran\u00e7a da regi\u00e3o registraram momentos antes da batida. Segundo populares, o motociclista estava em alta velocidade, quando passou &#8220;direto&#8221; sobre o quebra-molas  e colidiu no fundo de um caminh\u00e3o que estava parado na Avenida Visconde de Maracaju. <\/p>\n\n\n\n<p>Os socorristas do Servi\u00e7o de Servi\u00e7o de Atendimento M\u00f3vel de Urg\u00eancia (Samu) tentaram reanimar a v\u00edtima, que veio a \u00f3bito na ambul\u00e2ncia. O tr\u00e2nsito na via ficou parcialmente interrompido durante a ocorr\u00eancia.<\/p>\n\n\n\n<p><strong><em><strong><em>Acompanhe tamb\u00e9m o SE Not\u00edcias no\u00a0<a rel=\"noreferrer noopener\" href=\"https:\/\/twitter.com\/Senoticias\" target=\"_blank\">Twitter<\/a>,\u00a0<a rel=\"noreferrer noopener\" href=\"https:\/\/www.facebook.com\/senoticias1\" target=\"_blank\">Facebook<\/a>\u00a0e no\u00a0<a rel=\"noreferrer noopener\" href=\"https:\/\/www.instagram.com\/senoticias\/\" target=\"_blank\">Instagram<\/a><\/em><\/strong><\/em><\/strong><\/p>\n\n\n\n<p>Com informa\u00e7\u00f5es do <em><a href=\"https:\/\/g1.globo.com\/se\/sergipe\/noticia\/2024\/03\/16\/acidente-moto-e-caminhao-na-zona-norte-de-aracaju.ghtml\">G1 SE<\/a><\/em><\/p>\n","protected":false},"excerpt":{"rendered":"<p>Um motociclista de 46 anos morreu ao bater no fundo de um caminh\u00e3o que estava parado na Avenida Visconde de Maracaju, no Bairro Cidade Nova, em Aracaju, no fim da tarde deste s\u00e1bado (16). O acidente foi registrado pelo Batalh\u00e3o de Policiamento de Tr\u00e2nsito. Conforme informa\u00e7\u00f5es apuradas pela equipe da TV Sergipe, o motociclista Anselmo [&hellip;]<\/p>\n","protected":false},"author":6557,"featured_media":0,"comment_status":"closed","ping_status":"closed","sticky":false,"template":"","format":"standard","meta":{"footnotes":""},"categories":[15,7],"tags":[41315,12626,41316],"class_list":{"0":"post-141597","1":"post","2":"type-post","3":"status-publish","4":"format-standard","6":"category-destaques","7":"category-policia","8":"tag-bateu-no-fundo-de-caminhao","9":"tag-motociclista-morre","10":"tag-rampou-o-quebra-molas"},"_links":{"self":[{"href":"https:\/\/senoticias.com.br\/se\/wp-json\/wp\/v2\/posts\/141597"}],"collection":[{"href":"https:\/\/senoticias.com.br\/se\/wp-json\/wp\/v2\/posts"}],"about":[{"href":"https:\/\/senoticias.com.br\/se\/wp-json\/wp\/v2\/types\/post"}],"author":[{"embeddable":true,"href":"https:\/\/senoticias.com.br\/se\/wp-json\/wp\/v2\/users\/6557"}],"replies":[{"embeddable":true,"href":"https:\/\/senoticias.com.br\/se\/wp-json\/wp\/v2\/comments?post=141597"}],"version-history":[{"count":0,"href":"https:\/\/senoticias.com.br\/se\/wp-json\/wp\/v2\/posts\/141597\/revisions"}],"wp:attachment":[{"href":"https:\/\/senoticias.com.br\/se\/wp-json\/wp\/v2\/media?parent=141597"}],"wp:term":[{"taxonomy":"category","embeddable":true,"href":"https:\/\/senoticias.com.br\/se\/wp-json\/wp\/v2\/categories?post=141597"},{"taxonomy":"post_tag","embeddable":true,"href":"https:\/\/senoticias.com.br\/se\/wp-json\/wp\/v2\/tags?post=141597"}],"curies":[{"name":"wp","href":"https:\/\/api.w.org\/{rel}","templated":true}]}}