{"id":141589,"date":"2024-03-15T19:12:54","date_gmt":"2024-03-15T22:12:54","guid":{"rendered":"https:\/\/senoticias.com.br\/se\/?p=141589"},"modified":"2024-03-15T19:13:01","modified_gmt":"2024-03-15T22:13:01","slug":"transito-sera-alterado-no-domingo-para-apresentacao-da-esquadrilha-da-fumaca-na-orla-de-atalaia","status":"publish","type":"post","link":"https:\/\/senoticias.com.br\/se\/transito-sera-alterado-no-domingo-para-apresentacao-da-esquadrilha-da-fumaca-na-orla-de-atalaia\/","title":{"rendered":"Tr\u00e2nsito ser\u00e1 alterado no domingo para apresenta\u00e7\u00e3o da Esquadrilha da Fuma\u00e7a na Orla de Atalaia"},"content":{"rendered":"\n<p>O tr\u00e2nsito na avenida Santos Dumont, na Orla da Atalaia, ser\u00e1 alterado neste pr\u00f3ximo domingo, 17, para a apresenta\u00e7\u00e3o da Esquadrilha da Fuma\u00e7a, que faz parte das celebra\u00e7\u00f5es do anivers\u00e1rio de 169 anos da cidade. A Superintend\u00eancia Municipal de Transportes e Tr\u00e2nsito (SMTT) de Aracaju organizou uma opera\u00e7\u00e3o e o tr\u00e2nsito na via, sentido praias\/Centro, ser\u00e1 bloqueado \u00e0s 6h, na altura do hotel Sesc. <br><br>\u00c0s 14h, o bloqueio ser\u00e1 ampliado e o tr\u00e2nsito ficar\u00e1 interditado no sentido praias\/Centro, a partir do Corpo de Bombeiros. O superintendente da SMTT, Renato Telles, explica que a opera\u00e7\u00e3o visa a seguran\u00e7a do p\u00fablico que vai ao evento, assim como a mobilidade na regi\u00e3o.<br><br>A apresenta\u00e7\u00e3o vai acontecer a partir das 15h30.<\/p>\n\n\n\n<figure class=\"wp-block-image size-large\"><img loading=\"lazy\" decoding=\"async\" width=\"594\" height=\"446\" src=\"https:\/\/senoticias.com.br\/se\/wp-content\/uploads\/2024\/03\/Esquadrilha-da-Fumaca-se-noticias.jpg\" alt=\"\" class=\"wp-image-141590\" srcset=\"https:\/\/senoticias.com.br\/se\/wp-content\/uploads\/2024\/03\/Esquadrilha-da-Fumaca-se-noticias.jpg 594w, https:\/\/senoticias.com.br\/se\/wp-content\/uploads\/2024\/03\/Esquadrilha-da-Fumaca-se-noticias-300x225.jpg 300w, https:\/\/senoticias.com.br\/se\/wp-content\/uploads\/2024\/03\/Esquadrilha-da-Fumaca-se-noticias-45x35.jpg 45w\" sizes=\"(max-width: 594px) 100vw, 594px\" \/><figcaption>Atividade \u00e9 parte da programa\u00e7\u00e3o do anivers\u00e1rio de Aracaju &#8211; Foto: SMTT\/Aju<\/figcaption><\/figure>\n\n\n\n<p>\u201cFazemos um planejamento para proporcionar seguran\u00e7a ao p\u00fablico que vai assistir a apresenta\u00e7\u00e3o e tamb\u00e9m para dar fluidez ao tr\u00e2nsito. Haver\u00e1 bloqueios em um sentido da avenida e os agentes da SMTT estar\u00e3o a postos, fazendo as interdi\u00e7\u00f5es e monitorando o tr\u00e2nsito\u201d, disse. A previs\u00e3o \u00e9 de que o tr\u00e2nsito seja liberado \u00e0s 18h.<\/p>\n\n\n\n<p>\u00c0s 14h, o bloqueio ser\u00e1 ampliado e o tr\u00e2nsito ficar\u00e1 interditado no sentido praias\/Centro, a partir do Corpo de Bombeiros. O superintendente da SMTT, Renato Telles, explica que a opera\u00e7\u00e3o visa a seguran\u00e7a do p\u00fablico que vai ao evento, assim como a mobilidade na regi\u00e3o.<\/p>\n\n\n\n<p>\u201cFazemos um planejamento para proporcionar seguran\u00e7a ao p\u00fablico que vai assistir a apresenta\u00e7\u00e3o e tamb\u00e9m para dar fluidez ao tr\u00e2nsito. Haver\u00e1 bloqueios em um sentido da avenida e os agentes da SMTT estar\u00e3o a postos, fazendo as interdi\u00e7\u00f5es e monitorando o tr\u00e2nsito\u201d, disse. A previs\u00e3o \u00e9 de que o tr\u00e2nsito seja liberado \u00e0s 18h.<\/p>\n\n\n\n<p><strong><em><strong><em>Acompanhe tamb\u00e9m o SE Not\u00edcias no\u00a0<a rel=\"noreferrer noopener\" href=\"https:\/\/twitter.com\/Senoticias\" target=\"_blank\">Twitter<\/a>,\u00a0<a rel=\"noreferrer noopener\" href=\"https:\/\/www.facebook.com\/senoticias1\" target=\"_blank\">Facebook<\/a>\u00a0e no\u00a0<a rel=\"noreferrer noopener\" href=\"https:\/\/www.instagram.com\/senoticias\/\" target=\"_blank\">Instagram<\/a><\/em><\/strong><\/em><\/strong><\/p>\n\n\n\n<p>Fonte: ascom\/SMTT\/Aju<\/p>\n","protected":false},"excerpt":{"rendered":"<p>O tr\u00e2nsito na avenida Santos Dumont, na Orla da Atalaia, ser\u00e1 alterado neste pr\u00f3ximo domingo, 17, para a apresenta\u00e7\u00e3o da Esquadrilha da Fuma\u00e7a, que faz parte das celebra\u00e7\u00f5es do anivers\u00e1rio de 169 anos da cidade. A Superintend\u00eancia Municipal de Transportes e Tr\u00e2nsito (SMTT) de Aracaju organizou uma opera\u00e7\u00e3o e o tr\u00e2nsito na via, sentido praias\/Centro, [&hellip;]<\/p>\n","protected":false},"author":6557,"featured_media":0,"comment_status":"closed","ping_status":"closed","sticky":false,"template":"","format":"standard","meta":{"footnotes":""},"categories":[15,6],"tags":[10137,41309],"class_list":{"0":"post-141589","1":"post","2":"type-post","3":"status-publish","4":"format-standard","6":"category-destaques","7":"category-politica","8":"tag-esquadrilha-da-fumaca","9":"tag-transito-alterado"},"_links":{"self":[{"href":"https:\/\/senoticias.com.br\/se\/wp-json\/wp\/v2\/posts\/141589"}],"collection":[{"href":"https:\/\/senoticias.com.br\/se\/wp-json\/wp\/v2\/posts"}],"about":[{"href":"https:\/\/senoticias.com.br\/se\/wp-json\/wp\/v2\/types\/post"}],"author":[{"embeddable":true,"href":"https:\/\/senoticias.com.br\/se\/wp-json\/wp\/v2\/users\/6557"}],"replies":[{"embeddable":true,"href":"https:\/\/senoticias.com.br\/se\/wp-json\/wp\/v2\/comments?post=141589"}],"version-history":[{"count":0,"href":"https:\/\/senoticias.com.br\/se\/wp-json\/wp\/v2\/posts\/141589\/revisions"}],"wp:attachment":[{"href":"https:\/\/senoticias.com.br\/se\/wp-json\/wp\/v2\/media?parent=141589"}],"wp:term":[{"taxonomy":"category","embeddable":true,"href":"https:\/\/senoticias.com.br\/se\/wp-json\/wp\/v2\/categories?post=141589"},{"taxonomy":"post_tag","embeddable":true,"href":"https:\/\/senoticias.com.br\/se\/wp-json\/wp\/v2\/tags?post=141589"}],"curies":[{"name":"wp","href":"https:\/\/api.w.org\/{rel}","templated":true}]}}