{"id":141586,"date":"2024-03-15T17:03:40","date_gmt":"2024-03-15T20:03:40","guid":{"rendered":"https:\/\/senoticias.com.br\/se\/?p=141586"},"modified":"2024-03-15T17:03:45","modified_gmt":"2024-03-15T20:03:45","slug":"ex-comandantes-da-fab-e-do-exercito-confirmam-plano-golpista-de-bolsonaro","status":"publish","type":"post","link":"https:\/\/senoticias.com.br\/se\/ex-comandantes-da-fab-e-do-exercito-confirmam-plano-golpista-de-bolsonaro\/","title":{"rendered":"Ex-comandantes da FAB e do Ex\u00e9rcito confirmam plano golpista de Bolsonaro"},"content":{"rendered":"\n<p>Os ex-comandantes do Ex\u00e9rcito e da For\u00e7a A\u00e9rea Brasileira (FAB) confirmaram em depoimento \u00e0 Pol\u00edcia Federal que presenciaram reuni\u00f5es em que o ent\u00e3o presidente Jair Bolsonaro (PL) buscava alternativas e pressionava para dar um golpe de Estado. Nos depoimentos, tornados p\u00fablicos por decis\u00e3o do ministro do STF Alexandre de Moraes, nesta sexta, 15, e analisados pela coluna, os dois militares fizeram relatos semelhantes sobre as articula\u00e7\u00f5es para interven\u00e7\u00e3o no Pa\u00eds. Entre os objetivos, o plano previa instaurar um estado de defesa no Tribunal Superior Eleitoral (TSE) e &#8220;apurar a conformidade e legalidade do processo eleitoral&#8221; de 2022.<\/p>\n\n\n\n<figure class=\"wp-block-image size-large\"><img loading=\"lazy\" decoding=\"async\" width=\"541\" height=\"361\" src=\"https:\/\/senoticias.com.br\/se\/wp-content\/uploads\/2024\/03\/Bolsonaro-se-noticias.jpg\" alt=\"\" class=\"wp-image-141587\" srcset=\"https:\/\/senoticias.com.br\/se\/wp-content\/uploads\/2024\/03\/Bolsonaro-se-noticias.jpg 541w, https:\/\/senoticias.com.br\/se\/wp-content\/uploads\/2024\/03\/Bolsonaro-se-noticias-300x200.jpg 300w, https:\/\/senoticias.com.br\/se\/wp-content\/uploads\/2024\/03\/Bolsonaro-se-noticias-90x60.jpg 90w, https:\/\/senoticias.com.br\/se\/wp-content\/uploads\/2024\/03\/Bolsonaro-se-noticias-180x120.jpg 180w, https:\/\/senoticias.com.br\/se\/wp-content\/uploads\/2024\/03\/Bolsonaro-se-noticias-95x64.jpg 95w\" sizes=\"(max-width: 541px) 100vw, 541px\" \/><figcaption>O ex-presidente Jair Bolsonaro em comemora\u00e7\u00f5es do Dia do Soldado, no Quartel-General do Ex\u00e9rcito, em Bras\u00edlia, ao lado dos comandantes das For\u00e7as (da esq. para dir.), general Freire Gomes, almirante Almir Garnier e brigadeiro Carlos Baptista J\u00fanior &#8211; Foto: Antonio Cruz\/Ag\u00eancia Brasil \/ Estad\u00e3o<\/figcaption><\/figure>\n\n\n\n<p>Segundo consta nos depoimentos, o general Marco Antonio Freire Gomes, que comandava o Ex\u00e9rcito, e do tenente-brigadeiro Carlos Baptista J\u00fanior, que comandava a aeron\u00e1utica, Bolsonaro prop\u00f4s alternativas judiciais para um golpe. Ambos disseram ao presidente que se opunham \u00e0 uma ruptura. O ex-comandante da Marinha, almirante Garnier Santos, tamb\u00e9m foi chamado a depor sobre a investiga\u00e7\u00e3o, mas ficou em sil\u00eancio.<\/p>\n\n\n\n<p>O ex-comandante Baptista Jr afirmou que a partir de novembro de 2022, participou de diversas reuni\u00f5es com Bolsoanro e a c\u00fapula das For\u00e7as Armadas. Eles afirmaram que em duas reuni\u00f5es, em 7 de dezembro, e 14 de dezembro, foram apresentadas vers\u00f5es da minuta para o golpe. Neste segundo encontro, relatam, foram chamados pelo ent\u00e3o ministro da Defesa, general Paulo S\u00e9rgio Nogueira.<\/p>\n\n\n\n<p>Consta no depoimento do tenente-brigadeiro Baptista Jr, que&nbsp; &#8220;que nas reuni\u00f5es com os comandantes das For\u00e7as e com o Minist\u00e9rio da Defesa, o ent\u00e3o presidente da Rep\u00fablica, Jair Bolsnaro, apresentava a hip\u00f3tese de utiliza\u00e7\u00e3o da Garantia da Lei e da Ordem &#8211; GLO e outros institutos jur\u00eddicos mais complexos, como a decreta\u00e7\u00e3o do Estado de Defesa para solucionar uma poss\u00edvel &#8216;crise institucional'&#8221;.<\/p>\n\n\n\n<p><strong>Tropas da Marinha<\/strong><br><br>O ex-comandante da FAB declarou que &#8220;que em uma das reuni\u00f5es com os comandantes das For\u00e7as, ap\u00f3s o segundo turno das elei\u00e7\u00f5es, dentro do contexto apresentado pelo ent\u00e3o presidente Jair Bolsonaro, de utiliza\u00e7\u00e3o dos institutos, de GLO e defesa, o ent\u00e3o comandante da Marinha, Almir Garnier, afirmou que colocaria suas tropas \u00e0 disposi\u00e7\u00e3o de Jair Bolsonaro&#8221;. A coluna n\u00e3o conseguiu contato com Garnier, o espa\u00e7o est\u00e1 aberto \u00e0 manifesta\u00e7\u00e3o.<\/p>\n\n\n\n<p><strong>Pris\u00e3o de Bolsonaro<\/strong><\/p>\n\n\n\n<p>Em outro trecho do depoimento Baptista Jr., disse que &#8220;em uma das reuni\u00f5es dos comandantes das For\u00e7as com o ent\u00e3o presidente ap\u00f3s o segundo turno das elei\u00e7\u00f5es, depois de o presidente da Rep\u00fablica, Jair Bolsonaro, aventar a hip\u00f3tese de atentar contra o regime democr\u00e1tico, por meio de institutos previstos na Constitui\u00e7\u00e3o (GLO), ou Estado de Defesa, ou Estado de S\u00edtio), o ent\u00e3o comandante do Ex\u00e9rcito, general Freire Gomes, afirmou que caso tentasse tal ato teria que prender o presidente da Rep\u00fablica&#8221;.&nbsp;<\/p>\n\n\n\n<p>Em seu depoimento, Freire Gomes n\u00e3o disse que prenderia Bolsonaro. H\u00e1 um relato semelhante em que ele afirma ter dito ao presidente que o presidente estaria sujeito &#8220;responsabiliza\u00e7\u00e3o penal&#8221; e que &#8220;&#8221;sempre externou ao ent\u00e3o presidente da Rep\u00fablica , nas condi\u00e7\u00f5es apresentadas, do ponto de vista militar, n\u00e3o haveria possibilidade de reverter o resultado das elei\u00e7\u00f5es&#8221;. Ele contou que uma mesma vers\u00e3o da minuta do golpe, apreendida na casa do ex-ministro Anderson Torres (Justi\u00e7a), foi apresentada na reuni\u00e3o por Bolsonaro.<\/p>\n\n\n\n<p>Em depoimento \u00e0 PF, Anderson Torres negou que tenha produzido a minuta do golpe e que &#8220;jamais levou aquele texto ao conhecimento do ent\u00e3o presidente da Rep\u00fablica ou de qualquer pessoa&#8221;. Desde o in\u00edcio das investiga\u00e7\u00f5es, Bolsonaro nega que tenha comido crimes ou estimulado um golpe de Estado.<\/p>\n\n\n\n<p><strong><em><strong><em>Acompanhe tamb\u00e9m o SE Not\u00edcias no\u00a0<a rel=\"noreferrer noopener\" href=\"https:\/\/twitter.com\/Senoticias\" target=\"_blank\">Twitter<\/a>,\u00a0<a rel=\"noreferrer noopener\" href=\"https:\/\/www.facebook.com\/senoticias1\" target=\"_blank\">Facebook<\/a>\u00a0e no\u00a0<a rel=\"noreferrer noopener\" href=\"https:\/\/www.instagram.com\/senoticias\/\" target=\"_blank\">Instagram<\/a><\/em><\/strong><\/em><\/strong><\/p>\n\n\n\n<p>Fonte: Portal Terra<\/p>\n","protected":false},"excerpt":{"rendered":"<p>Os ex-comandantes do Ex\u00e9rcito e da For\u00e7a A\u00e9rea Brasileira (FAB) confirmaram em depoimento \u00e0 Pol\u00edcia Federal que presenciaram reuni\u00f5es em que o ent\u00e3o presidente Jair Bolsonaro (PL) buscava alternativas e pressionava para dar um golpe de Estado. Nos depoimentos, tornados p\u00fablicos por decis\u00e3o do ministro do STF Alexandre de Moraes, nesta sexta, 15, e analisados [&hellip;]<\/p>\n","protected":false},"author":6557,"featured_media":0,"comment_status":"closed","ping_status":"closed","sticky":false,"template":"","format":"standard","meta":{"footnotes":""},"categories":[15,2961],"tags":[3272,41308,1947],"class_list":{"0":"post-141586","1":"post","2":"type-post","3":"status-publish","4":"format-standard","6":"category-destaques","7":"category-nacional","8":"tag-bolsonaro","9":"tag-plano-golpista","10":"tag-policia-federal"},"_links":{"self":[{"href":"https:\/\/senoticias.com.br\/se\/wp-json\/wp\/v2\/posts\/141586"}],"collection":[{"href":"https:\/\/senoticias.com.br\/se\/wp-json\/wp\/v2\/posts"}],"about":[{"href":"https:\/\/senoticias.com.br\/se\/wp-json\/wp\/v2\/types\/post"}],"author":[{"embeddable":true,"href":"https:\/\/senoticias.com.br\/se\/wp-json\/wp\/v2\/users\/6557"}],"replies":[{"embeddable":true,"href":"https:\/\/senoticias.com.br\/se\/wp-json\/wp\/v2\/comments?post=141586"}],"version-history":[{"count":0,"href":"https:\/\/senoticias.com.br\/se\/wp-json\/wp\/v2\/posts\/141586\/revisions"}],"wp:attachment":[{"href":"https:\/\/senoticias.com.br\/se\/wp-json\/wp\/v2\/media?parent=141586"}],"wp:term":[{"taxonomy":"category","embeddable":true,"href":"https:\/\/senoticias.com.br\/se\/wp-json\/wp\/v2\/categories?post=141586"},{"taxonomy":"post_tag","embeddable":true,"href":"https:\/\/senoticias.com.br\/se\/wp-json\/wp\/v2\/tags?post=141586"}],"curies":[{"name":"wp","href":"https:\/\/api.w.org\/{rel}","templated":true}]}}