{"id":141577,"date":"2024-03-15T09:17:47","date_gmt":"2024-03-15T12:17:47","guid":{"rendered":"https:\/\/senoticias.com.br\/se\/?p=141577"},"modified":"2024-03-15T11:14:04","modified_gmt":"2024-03-15T14:14:04","slug":"em-sergipe-camaras-de-vereadores-viram-ringues-de-luta-livre","status":"publish","type":"post","link":"https:\/\/senoticias.com.br\/se\/em-sergipe-camaras-de-vereadores-viram-ringues-de-luta-livre\/","title":{"rendered":"Em Sergipe, c\u00e2maras de vereadores viram ringues de luta livre"},"content":{"rendered":"\n<figure class=\"wp-block-image size-large\"><img loading=\"lazy\" decoding=\"async\" width=\"558\" height=\"558\" src=\"https:\/\/senoticias.com.br\/se\/wp-content\/uploads\/2024\/03\/Eleicoes-2024.jpg\" alt=\"\" class=\"wp-image-141581\" srcset=\"https:\/\/senoticias.com.br\/se\/wp-content\/uploads\/2024\/03\/Eleicoes-2024.jpg 558w, https:\/\/senoticias.com.br\/se\/wp-content\/uploads\/2024\/03\/Eleicoes-2024-300x300.jpg 300w, https:\/\/senoticias.com.br\/se\/wp-content\/uploads\/2024\/03\/Eleicoes-2024-150x150.jpg 150w\" sizes=\"(max-width: 558px) 100vw, 558px\" \/><\/figure>\n\n\n\n<p>A campanha eleitoral nem come\u00e7ou e os pol\u00edticos j\u00e1 est\u00e3o com os nervos \u00e0 flor da pele. O clima tem ficado cada dia mais tenso nas c\u00e2maras municipais, onde os vereadores est\u00e3o pensando menos no povo e mais em suas reelei\u00e7\u00f5es. Somente esta semana ocorreram dois graves entreveros entre parlamentares de Po\u00e7o Redondo e de Carira. <br><br>Em ambas as confus\u00f5es, os brig\u00f5es s\u00f3 n\u00e3o foram \u00e0s vias de fato gra\u00e7as a interfer\u00eancia dos colegas e dos eleitores. Mesmo assim, n\u00e3o faltaram copo d\u2019\u00e1gua e microfone voando pelos ares. Pior \u00e9 que a tend\u00eancia \u00e9 esse clima de beliger\u00e2ncia aumentar ainda mais quando a campanha come\u00e7ar pra valer, pois os vereadores e os candidatos a tal v\u00e3o se engalfinhar pela simpatia dos eleitores. <br><br>Tomara que fiquemos s\u00f3 nos empurra-empurra e xingamentos, o que j\u00e1 \u00e9 reprov\u00e1vel para quem deveria usar apenas a palavra como arma. Espera-se que as lideran\u00e7as pol\u00edticas do interior acalmem os aliados mais afoitos e que os valent\u00f5es sejam punidos com o rigor da lei, antes que tenhamos de lamentar mortes na disputa eleitoral que se avinha. Miseric\u00f3rdia!<\/p>\n\n\n\n<p><strong><em><strong><em>Acompanhe tamb\u00e9m o SE Not\u00edcias no\u00a0<a rel=\"noreferrer noopener\" href=\"https:\/\/twitter.com\/Senoticias\" target=\"_blank\">Twitter<\/a>,\u00a0<a rel=\"noreferrer noopener\" href=\"https:\/\/www.facebook.com\/senoticias1\" target=\"_blank\">Facebook<\/a>\u00a0e no\u00a0<a rel=\"noreferrer noopener\" href=\"https:\/\/www.instagram.com\/senoticias\/\" target=\"_blank\">Instagram<\/a><\/em><\/strong><\/em><\/strong><\/p>\n\n\n\n<p>Por Adiberto de Souza<\/p>\n","protected":false},"excerpt":{"rendered":"<p>A campanha eleitoral nem come\u00e7ou e os pol\u00edticos j\u00e1 est\u00e3o com os nervos \u00e0 flor da pele. O clima tem ficado cada dia mais tenso nas c\u00e2maras municipais, onde os vereadores est\u00e3o pensando menos no povo e mais em suas reelei\u00e7\u00f5es. Somente esta semana ocorreram dois graves entreveros entre parlamentares de Po\u00e7o Redondo e de [&hellip;]<\/p>\n","protected":false},"author":6557,"featured_media":0,"comment_status":"closed","ping_status":"closed","sticky":false,"template":"","format":"standard","meta":{"footnotes":""},"categories":[15,6],"tags":[4682,41307],"class_list":{"0":"post-141577","1":"post","2":"type-post","3":"status-publish","4":"format-standard","6":"category-destaques","7":"category-politica","8":"tag-camaras-de-vereadores","9":"tag-ringues-de-luta-livre"},"_links":{"self":[{"href":"https:\/\/senoticias.com.br\/se\/wp-json\/wp\/v2\/posts\/141577"}],"collection":[{"href":"https:\/\/senoticias.com.br\/se\/wp-json\/wp\/v2\/posts"}],"about":[{"href":"https:\/\/senoticias.com.br\/se\/wp-json\/wp\/v2\/types\/post"}],"author":[{"embeddable":true,"href":"https:\/\/senoticias.com.br\/se\/wp-json\/wp\/v2\/users\/6557"}],"replies":[{"embeddable":true,"href":"https:\/\/senoticias.com.br\/se\/wp-json\/wp\/v2\/comments?post=141577"}],"version-history":[{"count":0,"href":"https:\/\/senoticias.com.br\/se\/wp-json\/wp\/v2\/posts\/141577\/revisions"}],"wp:attachment":[{"href":"https:\/\/senoticias.com.br\/se\/wp-json\/wp\/v2\/media?parent=141577"}],"wp:term":[{"taxonomy":"category","embeddable":true,"href":"https:\/\/senoticias.com.br\/se\/wp-json\/wp\/v2\/categories?post=141577"},{"taxonomy":"post_tag","embeddable":true,"href":"https:\/\/senoticias.com.br\/se\/wp-json\/wp\/v2\/tags?post=141577"}],"curies":[{"name":"wp","href":"https:\/\/api.w.org\/{rel}","templated":true}]}}