{"id":141575,"date":"2024-03-15T09:06:05","date_gmt":"2024-03-15T12:06:05","guid":{"rendered":"https:\/\/senoticias.com.br\/se\/?p=141575"},"modified":"2024-03-15T09:06:14","modified_gmt":"2024-03-15T12:06:14","slug":"seguranca-publica-detalha-acoes-para-coibir-violencia-nos-estadios-em-audiencia-publica-na-alese","status":"publish","type":"post","link":"https:\/\/senoticias.com.br\/se\/seguranca-publica-detalha-acoes-para-coibir-violencia-nos-estadios-em-audiencia-publica-na-alese\/","title":{"rendered":"Seguran\u00e7a P\u00fablica detalha a\u00e7\u00f5es para coibir viol\u00eancia nos est\u00e1dios em audi\u00eancia p\u00fablica na Alese"},"content":{"rendered":"\n<p>A Secretaria da Seguran\u00e7a P\u00fablica (SSP) participou da audi\u00eancia p\u00fablica para discutir a quest\u00e3o das torcidas organizadas e a paz nos eventos esportivos em Sergipe. O evento foi promovido pelas comiss\u00f5es de Direitos Humanos, Seguran\u00e7a P\u00fablica e Educa\u00e7\u00e3o e Desporto da Assembleia Legislativa de Sergipe (Alese). A audi\u00eancia p\u00fablica, propositura do deputado estadual Georgeo Passos, aconteceu no Plen\u00e1rio Pedro Barreto de Andrade, da Alese, nessa quinta-feira, 14. Na oportunidade, foram detalhadas as a\u00e7\u00f5es que est\u00e3o sendo implementadas para garantir a seguran\u00e7a p\u00fablica da popula\u00e7\u00e3o durante os jogos de futebol em Sergipe.<\/p>\n\n\n\n<figure class=\"wp-block-image size-large\"><img loading=\"lazy\" decoding=\"async\" width=\"1024\" height=\"682\" src=\"https:\/\/senoticias.com.br\/se\/wp-content\/uploads\/2024\/03\/ssp-senoticias-1024x682.jpg\" alt=\"\" class=\"wp-image-141576\"\/><figcaption>\nFoto: Joel Luiz, Alese.<\/figcaption><\/figure>\n\n\n\n<p>Foram convidados representantes das torcidas organizadas, dirigentes de clubes sergipanos e \u00f3rg\u00e3os da seguran\u00e7a p\u00fablica. Entre as autoridades do Estado, estava o delegado-geral da Pol\u00edcia Civil, Thiago Leandro.<\/p>\n\n\n\n<p>O delegado-geral falou sobre a vis\u00e3o da Secretaria de Seguran\u00e7a P\u00fablica (SSP) nas medidas de seguran\u00e7a nos est\u00e1dios sergipanos. \u201cA SSP procura pacificar o esporte dentro de Sergipe. N\u00f3s procuramos todos os caminhos visando a paz no esporte para que o torcedor possa realmente torcer, n\u00e3o assistir cenas de viol\u00eancia na nossa capital. [\u2026] N\u00f3s n\u00e3o estamos aqui para sermos autorit\u00e1rios, de forma alguma. O secret\u00e1rio Jo\u00e3o Eloy, ele quer um di\u00e1logo, quer solu\u00e7\u00f5es\u201d, ressaltou.<\/p>\n\n\n\n<p>Al\u00e9m disso, Thiago Leandro disse que v\u00ea com bons olhos as medidas implementadas em Sergipe. \u201cEu acho que \u00e9 um caminho, n\u00f3s temos que ir juntos. Temos que buscar uma solu\u00e7\u00e3o, dialogar, para que busquemos o melhor caminho para que os jovens possam ir ao est\u00e1dio torcer, e n\u00e3o um matar o outro\u201d, avaliou.<\/p>\n\n\n\n<p>Em seu discurso, o delegado-geral divulgou que a opera\u00e7\u00e3o envolvendo o \u00faltimo epis\u00f3dio de viol\u00eancia entre torcidas em Aracaju j\u00e1 resultou na identifica\u00e7\u00e3o de 28 pessoas, com nove pris\u00f5es de adultos e apreens\u00e3o de quatro adolescentes.<\/p>\n\n\n\n<p>Thiago Leandro ainda explicou que o jogo entre Flamengo e Bangu, no Est\u00e1dio Batist\u00e3o, pelo Campeonato Carioca, foi usado para a aplica\u00e7\u00e3o de novos elementos e ferramentas na seguran\u00e7a de grandes eventos esportivos. \u201cEm Flamengo x Bangu, n\u00f3s tomamos medidas diferentes por conta dos epis\u00f3dios de viol\u00eancias entre torcidas. Fizemos experi\u00eancias novas, tentamos mudar o estilo de patrulhamento, implementamos a tecnologia do reconhecimento facial, ou seja independente do torcedor estar ou n\u00e3o uniformizado teremos o controle de quem entra no est\u00e1dio. Al\u00e9m disso, estamos estudando tamb\u00e9m a biometria, uma forma de melhorar a seguran\u00e7a para os torcedores\u201d, pontuou o delegado-geral.<\/p>\n\n\n\n<p><strong><em><strong><em>Acompanhe tamb\u00e9m o SE Not\u00edcias no&nbsp;<a rel=\"noreferrer noopener\" href=\"https:\/\/twitter.com\/Senoticias\" target=\"_blank\">Twitter<\/a>,&nbsp;<a rel=\"noreferrer noopener\" href=\"https:\/\/www.facebook.com\/senoticias1\" target=\"_blank\">Facebook<\/a>&nbsp;e no&nbsp;<a rel=\"noreferrer noopener\" href=\"https:\/\/www.instagram.com\/senoticias\/\" target=\"_blank\">Instagram<\/a><\/em><\/strong><\/em><\/strong><\/p>\n\n\n\n<p>Fonte: SSP SE<\/p>\n","protected":false},"excerpt":{"rendered":"<p>A Secretaria da Seguran\u00e7a P\u00fablica (SSP) participou da audi\u00eancia p\u00fablica para discutir a quest\u00e3o das torcidas organizadas e a paz nos eventos esportivos em Sergipe. O evento foi promovido pelas comiss\u00f5es de Direitos Humanos, Seguran\u00e7a P\u00fablica e Educa\u00e7\u00e3o e Desporto da Assembleia Legislativa de Sergipe (Alese). A audi\u00eancia p\u00fablica, propositura do deputado estadual Georgeo Passos, [&hellip;]<\/p>\n","protected":false},"author":6557,"featured_media":0,"comment_status":"closed","ping_status":"closed","sticky":false,"template":"","format":"standard","meta":{"footnotes":""},"categories":[15,7],"tags":[2830,16060],"class_list":{"0":"post-141575","1":"post","2":"type-post","3":"status-publish","4":"format-standard","6":"category-destaques","7":"category-policia","8":"tag-alese","9":"tag-ssp-se-2"},"_links":{"self":[{"href":"https:\/\/senoticias.com.br\/se\/wp-json\/wp\/v2\/posts\/141575"}],"collection":[{"href":"https:\/\/senoticias.com.br\/se\/wp-json\/wp\/v2\/posts"}],"about":[{"href":"https:\/\/senoticias.com.br\/se\/wp-json\/wp\/v2\/types\/post"}],"author":[{"embeddable":true,"href":"https:\/\/senoticias.com.br\/se\/wp-json\/wp\/v2\/users\/6557"}],"replies":[{"embeddable":true,"href":"https:\/\/senoticias.com.br\/se\/wp-json\/wp\/v2\/comments?post=141575"}],"version-history":[{"count":0,"href":"https:\/\/senoticias.com.br\/se\/wp-json\/wp\/v2\/posts\/141575\/revisions"}],"wp:attachment":[{"href":"https:\/\/senoticias.com.br\/se\/wp-json\/wp\/v2\/media?parent=141575"}],"wp:term":[{"taxonomy":"category","embeddable":true,"href":"https:\/\/senoticias.com.br\/se\/wp-json\/wp\/v2\/categories?post=141575"},{"taxonomy":"post_tag","embeddable":true,"href":"https:\/\/senoticias.com.br\/se\/wp-json\/wp\/v2\/tags?post=141575"}],"curies":[{"name":"wp","href":"https:\/\/api.w.org\/{rel}","templated":true}]}}